{"id":5944,"date":"2017-02-28T00:00:07","date_gmt":"2017-02-27T22:00:07","guid":{"rendered":"http:\/\/chronik.blackblogs.org\/?p=5944"},"modified":"2017-02-28T00:00:07","modified_gmt":"2017-02-27T22:00:07","slug":"bruciate-sei-auto-della-security","status":"publish","type":"post","link":"https:\/\/chronik.noblogs.org\/?p=5944","title":{"rendered":"Bruciate sei auto della Security"},"content":{"rendered":"<p><strong><a href=\"https:\/\/chronik.noblogs.org\/files\/2017\/03\/205334.jpg\"><img loading=\"lazy\" decoding=\"async\" class=\"alignright size-medium wp-image-5762\" src=\"https:\/\/chronik.noblogs.org\/files\/2017\/03\/205334-300x169.jpg\" alt=\"205334\" height=\"169\" width=\"300\" srcset=\"https:\/\/chronik.noblogs.org\/files\/2017\/03\/205334-300x169.jpg 300w, https:\/\/chronik.noblogs.org\/files\/2017\/03\/205334-768x432.jpg 768w, https:\/\/chronik.noblogs.org\/files\/2017\/03\/205334.jpg 820w\" sizes=\"auto, (max-width: 300px) 100vw, 300px\" \/><\/a>Berlino (Berlin)<\/strong>, 28 febbraio 2017<\/p>\n<blockquote><p>Bon Soir! La sera del 28 febbraio presso la stazione Anhalter abbiamo bruciato sei auto della ditta Securitas. Securitas a Berlino vigila da due anni l&#8217;entrata della scuola occupata in via \u2026 a Kreuzberg e costringe cos\u00ec lx pochx profughx che vi sono rimastx a una vita come in galera. Per le continue denunce e vessazioni da parte dex abitanti si \u00e8 continuamente ridotto il loro numero&nbsp; \u2013 tante sono sparite nelle galere, furono espulse oppure hanno divieto di accesso alla casa.<br \/>\n<!--more--><br \/>\nSe ci identificassimo pi\u00f9 a fondo con lo schiavismo nella societ\u00e0, ora ci lamenteremmo che la \u201cvigilanza\u201d costa milioni di Euro al contribuente. Ma no. Perch\u00e9 allora dovremmo lamentarci anche delle cattive condizioni di lavoro nel settore della sicurezza. Noi lavoriamo invece per la distruzione dei ponti di questa societ\u00e0, che sono mantenuti tuttora e precisamente dal settore della sicurezza, e per integrare gli ambiti parzialmente autonomi nella prassi resistenziale.<\/p>\n<p>Anche per questo ci guardiamo attorno con sguardo scintillante e percepiamo che la canalizzazione della rabbia oggi aumenta in ogni zona remota si questo mondo di merda. Leggiamo di scontri in Svezia, della rabbia bollente in Svizzera oppure degli attacchi contro i tutori dell&#8217;ordine del sistema in Francia. La nostra vicinanza non la vogliamo celebrare pi\u00f9 a lungo in silenzio, ma con delle vistose colonne di fumo delle gomme, delle case e di parti intere delle citt\u00e0 che bruciano. Come lo hanno formulato lx compas di Grecia, anche noi vogliamo incendiare le notti della societ\u00e0 appagata e trasformare le nostre citt\u00e0 in campi di battaglia ingovernabili.<\/p>\n<p>Esistono individui che non cascano nella servit\u00f9 del sistema e che autodeterminano le proprie prospettive per non subire lo stesso oltraggio. Levare l&#8217;ultima ancora e la ribellione contro questa schiavit\u00f9\/barbarie sono in continuo aumento. A coloro il cui nome l&#8217;abbiamo saputo dedichiamo anche questo attacco per rafforzarlx nella loro lotta oppure per mantenere vivo il ricordo:<\/p>\n<p>Per Tamara Sol in galera nel territorio dominato dallo Stato cileno, perch\u00e9 avrebbe portato vendetta a un mercenario della Security.<\/p>\n<p>Per Nikos Maziotis e Pola Roupa, costrettx a lottare contro lo status da ostaggio del proprio bambino.<\/p>\n<p>Per Lambros Foundas, ucciso a colpi da arma di fuoco nella lotta contro i porci ad Atene sette anni fa.<\/p>\n<p>Per lx innumerevoli in fuga che in nome della UE sono assassinatx ai confini dai mercenari privati e statali oppure sono vigilatx da ditte private della sicurezza nei campi d&#8217;espulsione.<\/p>\n<p>Noi, una cospirazione di incendiarx assetatx di vendetta, incitiamo tutti i nuclei e individui in tutto il mondo all&#8217;azione anarchica, a sostenere le proposte che vengono dall&#8217;area linguistica tedesca e a sfruttare il vertice G20 per rafforzare la prassi comune. In questo senso dovremmo diffondere l&#8217;idea della coordinazione informale con reciproci riferimenti. Cos\u00ec per noi non ci sar\u00e0 vertice con proteste limitate nel tempo, bens\u00ec il tentativo, senza rivendicazioni politiche, di creare gi\u00e0 prima e in modo stabile delle condizioni incontrollate.<\/p><\/blockquote>\n<p><strong>Fonte<\/strong>: <a href=\"https:\/\/linksunten.indymedia.org\/it\/node\/207774\">Linksunten<\/a><\/p>\n<p>&nbsp;<\/p>\n<p>&nbsp;<\/p>\n\n\t\t\t<div id='gallery-5944-1' class='gallery gallery-5944'>\n\t\t\t\t<div class='gallery-row gallery-clear'>\n\t\t\t\t\t<dl class='gallery-item col-3'>\n\t\t\t\t\t\t<dt class='gallery-icon'><a href='https:\/\/chronik.noblogs.org\/files\/2017\/03\/205266.jpg'><img loading=\"lazy\" decoding=\"async\" width=\"150\" height=\"150\" src=\"https:\/\/chronik.noblogs.org\/files\/2017\/03\/205266-150x150.jpg\" class=\"attachment-thumbnail size-thumbnail\" alt=\"\" \/><\/a><\/dt>\n\t\t\t\t\t<\/dl>\n\t\t\t\t\t<dl class='gallery-item col-3'>\n\t\t\t\t\t\t<dt class='gallery-icon'><a href='https:\/\/chronik.noblogs.org\/files\/2017\/03\/205267.jpg'><img loading=\"lazy\" decoding=\"async\" width=\"150\" height=\"150\" src=\"https:\/\/chronik.noblogs.org\/files\/2017\/03\/205267-150x150.jpg\" class=\"attachment-thumbnail size-thumbnail\" alt=\"\" \/><\/a><\/dt>\n\t\t\t\t\t<\/dl>\n\t\t\t\t\t<dl class='gallery-item col-3'>\n\t\t\t\t\t\t<dt class='gallery-icon'><a href='https:\/\/chronik.noblogs.org\/files\/2017\/03\/205259.jpg'><img loading=\"lazy\" decoding=\"async\" width=\"150\" height=\"150\" src=\"https:\/\/chronik.noblogs.org\/files\/2017\/03\/205259-150x150.jpg\" class=\"attachment-thumbnail size-thumbnail\" alt=\"\" \/><\/a><\/dt>\n\t\t\t\t\t<\/dl>\n\t\t\t\t<\/div>\n\t\t\t<\/div><!-- .gallery -->\n\n<p>&nbsp;<\/p>\n","protected":false},"excerpt":{"rendered":"<p>Berlino (Berlin), 28 febbraio 2017 Bon Soir! La sera del 28 febbraio presso la stazione Anhalter abbiamo bruciato sei auto della ditta Securitas. Securitas a Berlino vigila da due anni l&#8217;entrata della scuola occupata in via \u2026 a Kreuzberg e costringe cos\u00ec lx pochx profughx che vi sono rimastx a una vita come in galera. [&hellip;]<\/p>\n","protected":false},"author":12080,"featured_media":0,"comment_status":"closed","ping_status":"closed","sticky":false,"template":"","format":"standard","meta":{"footnotes":""},"categories":[6],"tags":[24],"class_list":["post-5944","post","type-post","status-publish","format-standard","hentry","category-it","tag-berlin"],"_links":{"self":[{"href":"https:\/\/chronik.noblogs.org\/index.php?rest_route=\/wp\/v2\/posts\/5944","targetHints":{"allow":["GET"]}}],"collection":[{"href":"https:\/\/chronik.noblogs.org\/index.php?rest_route=\/wp\/v2\/posts"}],"about":[{"href":"https:\/\/chronik.noblogs.org\/index.php?rest_route=\/wp\/v2\/types\/post"}],"author":[{"embeddable":true,"href":"https:\/\/chronik.noblogs.org\/index.php?rest_route=\/wp\/v2\/users\/12080"}],"replies":[{"embeddable":true,"href":"https:\/\/chronik.noblogs.org\/index.php?rest_route=%2Fwp%2Fv2%2Fcomments&post=5944"}],"version-history":[{"count":0,"href":"https:\/\/chronik.noblogs.org\/index.php?rest_route=\/wp\/v2\/posts\/5944\/revisions"}],"wp:attachment":[{"href":"https:\/\/chronik.noblogs.org\/index.php?rest_route=%2Fwp%2Fv2%2Fmedia&parent=5944"}],"wp:term":[{"taxonomy":"category","embeddable":true,"href":"https:\/\/chronik.noblogs.org\/index.php?rest_route=%2Fwp%2Fv2%2Fcategories&post=5944"},{"taxonomy":"post_tag","embeddable":true,"href":"https:\/\/chronik.noblogs.org\/index.php?rest_route=%2Fwp%2Fv2%2Ftags&post=5944"}],"curies":[{"name":"wp","href":"https:\/\/api.w.org\/{rel}","templated":true}]}}