{"id":5942,"date":"2017-02-24T00:00:55","date_gmt":"2017-02-23T22:00:55","guid":{"rendered":"http:\/\/chronik.blackblogs.org\/?p=5942"},"modified":"2017-02-24T00:00:55","modified_gmt":"2017-02-23T22:00:55","slug":"vernice-a-carcere-femminile","status":"publish","type":"post","link":"https:\/\/chronik.noblogs.org\/?p=5942","title":{"rendered":"Vernice a carcere femminile"},"content":{"rendered":"<p><strong>Berlino (Berlin)<\/strong>, 24 febbraio 2017<\/p>\n<blockquote><p>Nelle galere del mondo sono imprigionatx troppx amicx che erano e sono dispostx agli attentati e che da sempre contavano anche con la conseguenza disumana di essere messx nelle galere di queste societ\u00e0 ipocrite. Sono amicx che non si lasciavano terrorizzare affatto da questa minaccia e che nemmeno dietro le mura si fanno zittire, per, invece, contribuire con i loro scritti e la loro determinazione alla diffusione del fuoco della sovversione.<br \/>\n<!--more--><br \/>\nQui nella RFT non c&#8217;\u00e8 lotta continua contro la tematica galera ma noi pensiamo che questa forma dell&#8217;imprigionamento deve sempre ancora essere portata nel nostro dibattito, non solo per ragioni di solidariet\u00e0 ma affinch\u00e9 questo metodo del dominio manchi il proprio obiettivo, vale a dire spezzare i nostri pensieri, la nostra resistenza e il nostro coraggio.<\/p>\n<p>Le mura delle galere in Europa occidentale ci sembrano talmente spesse e insormontabili che potremmo credere di non poter attaccare questo enorme costrutto. Far saltare in aria&nbsp; realmente queste mura riesce solo raramente, ma gli appelli e la storia dello sciopero carcerario negli USA ci hanno di nuovo dimostrato che dobbiamo attaccare sia da lati diversi sia, anche, senza ragione attuale.<br \/>\nDall&#8217;esterno questo vuole dire per noi attaccare le mura, le auto e le persone degli istituti di giustizia e di terrorizzarli. La ferocia istituzionalizzata dei giudici e PM per esempio \u2013 che hanno fatto loro professione condannare le persone all&#8217;isolamento e alla dipendenza dal controllo statale \u2013 deve essere focalizzata ancora molto di pi\u00f9 nei nostri attacchi.<\/p>\n<p>Esattamente come si deve investigare sulla loro struttura economica privata e diffondere i loro indirizzi. Anzitutto negli USA, quella macchina di profitto ha raggiunto estensioni che ha fatto diventare pi\u00f9 redditizia una galera che la fabbrica tradizionale. Cos\u00ec le loro rate di profitto aumentano di pari passo alla quota di condanne e d&#8217;occupazione delle celle. Un processo che non deve pi\u00f9 meravigliarci, visto che la logica sottintesa rivela un investimento finanziario addirittura geniale. La perversione di questo calcolo non \u00e8 solo che si lucra cosi sulla vita umana, bens\u00ec anche che le societ\u00e0 dei profitti e \u201cdella bella vita\u201d sono finanziate da coloro che vivono, lavorano e muoiono dietro le sbarre. Quest&#8217;esclusione di persone dalla societ\u00e0 \u00e8 dunque anzitutto pure colonna portante della stabilit\u00e0 esistenziale delle persone che vivono in \u201clibert\u00e0\u201d, colonna da non sottovalutare in questi tempi di deindustrializzazione e disoccupazione di massa. Ed \u00e8 solo un aspetto, perch\u00e9 ancora non abbiamo parlato dex prigionierx dietro le sbarre causa le ideologie razziste e la loro ostilit\u00e0 al sistema.<\/p>\n<p>Cos\u00ec lottiamo in luoghi diversi con mezzi diversi da dentro e da fuori contro il complesso carcerario, contro le societ\u00e0 che per garantire la propria esistenza hanno bisogno delle galere.<\/p>\n<p>Questo per noi \u00e8 un tema internazionale che potrebbe seguire all&#8217;appello per un vertice G20 disastroso ad Amburgo.<br \/>\nIl tema giustizia e galere \u00e8 altres\u00ec utile alla proposta del progetto Nemesi dalla Grecia: Invece di attaccare solo degli obiettivi simbolici come adesso noi, le Cellule del Fuoco propongono di portare la nostra ostilit\u00e0 dentro l&#8217;ambito personale del nemico, nel suo domicilio, nei suoi uffici e luoghi di ricreazione.<\/p>\n<p>Nella notte da gioved\u00ec a venerd\u00ec abbiamo colorato il carcere femminile in via \u2026 e lasciato un saluto ai porci del congresso di polizia a Berlino.<\/p>\n<p>Con riferimenti vari \u2013 contro l&#8217;ordine dominante dei G-20!<\/p><\/blockquote>\n<p><strong>Fonte<\/strong>: <a href=\"https:\/\/linksunten.indymedia.org\/it\/node\/205004\">Linksunten<\/a><\/p>\n","protected":false},"excerpt":{"rendered":"<p>Berlino (Berlin), 24 febbraio 2017 Nelle galere del mondo sono imprigionatx troppx amicx che erano e sono dispostx agli attentati e che da sempre contavano anche con la conseguenza disumana di essere messx nelle galere di queste societ\u00e0 ipocrite. Sono amicx che non si lasciavano terrorizzare affatto da questa minaccia e che nemmeno dietro le [&hellip;]<\/p>\n","protected":false},"author":12080,"featured_media":0,"comment_status":"closed","ping_status":"closed","sticky":false,"template":"","format":"standard","meta":{"footnotes":""},"categories":[6],"tags":[24],"class_list":["post-5942","post","type-post","status-publish","format-standard","hentry","category-it","tag-berlin"],"_links":{"self":[{"href":"https:\/\/chronik.noblogs.org\/index.php?rest_route=\/wp\/v2\/posts\/5942","targetHints":{"allow":["GET"]}}],"collection":[{"href":"https:\/\/chronik.noblogs.org\/index.php?rest_route=\/wp\/v2\/posts"}],"about":[{"href":"https:\/\/chronik.noblogs.org\/index.php?rest_route=\/wp\/v2\/types\/post"}],"author":[{"embeddable":true,"href":"https:\/\/chronik.noblogs.org\/index.php?rest_route=\/wp\/v2\/users\/12080"}],"replies":[{"embeddable":true,"href":"https:\/\/chronik.noblogs.org\/index.php?rest_route=%2Fwp%2Fv2%2Fcomments&post=5942"}],"version-history":[{"count":0,"href":"https:\/\/chronik.noblogs.org\/index.php?rest_route=\/wp\/v2\/posts\/5942\/revisions"}],"wp:attachment":[{"href":"https:\/\/chronik.noblogs.org\/index.php?rest_route=%2Fwp%2Fv2%2Fmedia&parent=5942"}],"wp:term":[{"taxonomy":"category","embeddable":true,"href":"https:\/\/chronik.noblogs.org\/index.php?rest_route=%2Fwp%2Fv2%2Fcategories&post=5942"},{"taxonomy":"post_tag","embeddable":true,"href":"https:\/\/chronik.noblogs.org\/index.php?rest_route=%2Fwp%2Fv2%2Ftags&post=5942"}],"curies":[{"name":"wp","href":"https:\/\/api.w.org\/{rel}","templated":true}]}}