{"id":5911,"date":"2017-03-17T00:00:25","date_gmt":"2017-03-16T22:00:25","guid":{"rendered":"http:\/\/chronik.blackblogs.org\/?p=5911"},"modified":"2017-03-17T00:00:25","modified_gmt":"2017-03-16T22:00:25","slug":"feu-et-flamme-pour-la-police","status":"publish","type":"post","link":"https:\/\/chronik.noblogs.org\/?p=5911","title":{"rendered":"Feu et flamme pour la police"},"content":{"rendered":"<p><strong><a href=\"https:\/\/chronik.noblogs.org\/files\/2017\/03\/206925.jpg\"><img loading=\"lazy\" decoding=\"async\" class=\"alignright size-medium wp-image-5869\" src=\"https:\/\/chronik.noblogs.org\/files\/2017\/03\/206925-300x169.jpg\" alt=\"\" height=\"169\" width=\"300\" srcset=\"https:\/\/chronik.noblogs.org\/files\/2017\/03\/206925-300x169.jpg 300w, https:\/\/chronik.noblogs.org\/files\/2017\/03\/206925-768x432.jpg 768w, https:\/\/chronik.noblogs.org\/files\/2017\/03\/206925-1024x576.jpg 1024w, https:\/\/chronik.noblogs.org\/files\/2017\/03\/206925.jpg 1280w\" sizes=\"auto, (max-width: 300px) 100vw, 300px\" \/><\/a>Hambourg (Hamburg)<\/strong>, 17 mars 2017<\/p>\n<blockquote><p>A Hambourg, on dit bye-bye \u2013 m\u00eame aux bagnoles de flics. \u2013 Le 17 mars, nous avons incendi\u00e9 deux v\u00e9hicules de police \u00e0 Hambourg. Tout pr\u00e8s du domicile du maire Olaf Scholz, dans la \u2018Schmarjestra\u00dfe\u2019, un v\u00e9hicule de ses gardiens a cram\u00e9. Devant les locaux du bureau du syndicat de police (GdP) dans la \u2018Hindenburgstra\u00dfe\u2019 et directement sous le nez de la pr\u00e9fecture, un car du GdP a br\u00fbl\u00e9.<br \/>\n<!--more--><br \/>\nLe syndicat de police et son pr\u00e9sident \u2018Kirsch\u2019 mena\u00e7aient apr\u00e8s les \u00e9meutes du 21 d\u00e9cembre 2013 \u00e0 Hambourg : \u00ab la prochaine fois nous tirerons \u00e0 balles r\u00e9elles ! \u00bb. Les fonctionnaires de police judiciaire du syndicat f\u00e9d\u00e9ral allemand, en allant dans le m\u00eame sens, mettaient en garde contre une escalade de la conflictualit\u00e9 sociale \u00e0 Hambourg en faisant r\u00e9f\u00e9rence aux affrontements \u00e0 G\u00eanes et le meurtre de Carlo Giuliani. Il est tout \u00e0 fait clair \u00e0 l\u2019heure actuelle, que la mort de manifestant.e.s n\u2019est pas \u00e0 exclure en cas de perte de contr\u00f4le pendant le contre-sommet du G20 \u00e0 Hambourg. Les victimes quotidiennes des flics ne sont pas uniquement des d\u00e9g\u00e2ts collat\u00e9raux n\u00e9cessaires \u00e0 ce syst\u00e8me.<\/p>\n<p>Le syndicat de police avec le syndicat f\u00e9d\u00e9ral de police constituent le bras politique des flics. Ils insistent sur un alourdissement des peines, par exemple pour des attaques \u00ab quotidiennes \u00bb sur les policiers. Ainsi, le texte de loi 114 en projet pr\u00e9voit que ces attaques soient plus s\u00e9v\u00e8rement plus punies, et ce de mani\u00e8re plus exp\u00e9ditive, \u00e0 savoir des peines de prison requises dans chaque cas. Il n\u2019y aurait m\u00eame pas besoin que le flic soit r\u00e9ellement bless\u00e9. Et si l\u2019assaillant.e a une arme sur lui\/elle, qu\u2019il\/elle l\u2019utilise ou en a l\u2019intention, la peine est alourdie. Le paragraphe 114 jusqu\u2019ici en vigueur a d\u2019abord \u00e9t\u00e9 modifi\u00e9 en 2011. Mais contrairement aux chiffres pr\u00e9sent\u00e9s publiquement, les attaques contre les policiers ont diminu\u00e9 ces derni\u00e8res ann\u00e9es. M\u00eame les expert.e.s de la loi p\u00e9nale disent que les blessures graves et des arr\u00eats de travail prolong\u00e9s sont plut\u00f4t rares en Allemagne. Malheureusement ! Cela saute aux yeux pour que leurs lois fonctionnent.<\/p>\n<p>Le syndicat de police a d\u00e9sormais un v\u00e9hicule en moins, un v\u00e9hicule qui approvisionne les flics en caf\u00e9 pendant le G20. Il y a m\u00eame un panier \u00e0 salade en moins, qui peut se mettre en travers de notre chemin ou contr\u00f4le nos lieux de vie. Cela ne semble pas \u00eatre grand chose, mais \u00e7a peut \u00eatre reproduit tout le temps par toute personne qui s\u2019y d\u00e9cide. Attaquons ce qui nous opprime ! Il n\u2019y a rien \u00e0 attendre !<\/p>\n<p><a href=\"https:\/\/chronik.noblogs.org\/files\/2017\/03\/206930.jpg\"><img loading=\"lazy\" decoding=\"async\" class=\"alignright size-medium wp-image-5871\" src=\"https:\/\/chronik.noblogs.org\/files\/2017\/03\/206930-300x200.jpg\" alt=\"\" height=\"200\" width=\"300\" srcset=\"https:\/\/chronik.noblogs.org\/files\/2017\/03\/206930-300x200.jpg 300w, https:\/\/chronik.noblogs.org\/files\/2017\/03\/206930-768x511.jpg 768w, https:\/\/chronik.noblogs.org\/files\/2017\/03\/206930.jpg 820w\" sizes=\"auto, (max-width: 300px) 100vw, 300px\" \/><\/a>Nous nous rappelons de Ian Tomlinson qui est mort d\u2019un infarctus du myocarde pendant le sommet du G20 \u00e0 Londres en avril 2009 apr\u00e8s que les flics l\u2019aient foutu \u00e0 terre \u00e0 plusieurs reprises et l\u2019aient frapp\u00e9 sans avoir tent\u00e9 de le r\u00e9animer.<\/p>\n<p>Nous nous rappelons de Carlo Giuliani qui a \u00e9t\u00e9 abattu par les flics pendant le sommet du G7 \u00e0 G\u00eanes en 2001. Et \u00e0 toutes les personnes qui ont \u00e9t\u00e9 but\u00e9es par les flics dans ces m\u00eames conditions de conflit quotidien et dont leur nom reste inconnu.<\/p>\n<p>Avant, pendant et apr\u00e8s le G20 : contre l\u2019\u00c9tat, le capitalisme et toute autorit\u00e9 !<\/p><\/blockquote>\n<p><strong>Source<\/strong>: <a href=\"https:\/\/linksunten.indymedia.org\/en\/node\/207103\"><span class=\"submitted\">Linksunten<\/span><\/a><\/p>\n<p>&nbsp;<\/p>\n","protected":false},"excerpt":{"rendered":"<p>Hambourg (Hamburg), 17 mars 2017 A Hambourg, on dit bye-bye \u2013 m\u00eame aux bagnoles de flics. \u2013 Le 17 mars, nous avons incendi\u00e9 deux v\u00e9hicules de police \u00e0 Hambourg. Tout pr\u00e8s du domicile du maire Olaf Scholz, dans la \u2018Schmarjestra\u00dfe\u2019, un v\u00e9hicule de ses gardiens a cram\u00e9. Devant les locaux du bureau du syndicat de [&hellip;]<\/p>\n","protected":false},"author":12080,"featured_media":0,"comment_status":"closed","ping_status":"closed","sticky":false,"template":"","format":"standard","meta":{"footnotes":""},"categories":[5],"tags":[88],"class_list":["post-5911","post","type-post","status-publish","format-standard","hentry","category-fr","tag-hamburg"],"_links":{"self":[{"href":"https:\/\/chronik.noblogs.org\/index.php?rest_route=\/wp\/v2\/posts\/5911","targetHints":{"allow":["GET"]}}],"collection":[{"href":"https:\/\/chronik.noblogs.org\/index.php?rest_route=\/wp\/v2\/posts"}],"about":[{"href":"https:\/\/chronik.noblogs.org\/index.php?rest_route=\/wp\/v2\/types\/post"}],"author":[{"embeddable":true,"href":"https:\/\/chronik.noblogs.org\/index.php?rest_route=\/wp\/v2\/users\/12080"}],"replies":[{"embeddable":true,"href":"https:\/\/chronik.noblogs.org\/index.php?rest_route=%2Fwp%2Fv2%2Fcomments&post=5911"}],"version-history":[{"count":0,"href":"https:\/\/chronik.noblogs.org\/index.php?rest_route=\/wp\/v2\/posts\/5911\/revisions"}],"wp:attachment":[{"href":"https:\/\/chronik.noblogs.org\/index.php?rest_route=%2Fwp%2Fv2%2Fmedia&parent=5911"}],"wp:term":[{"taxonomy":"category","embeddable":true,"href":"https:\/\/chronik.noblogs.org\/index.php?rest_route=%2Fwp%2Fv2%2Fcategories&post=5911"},{"taxonomy":"post_tag","embeddable":true,"href":"https:\/\/chronik.noblogs.org\/index.php?rest_route=%2Fwp%2Fv2%2Ftags&post=5911"}],"curies":[{"name":"wp","href":"https:\/\/api.w.org\/{rel}","templated":true}]}}