{"id":5863,"date":"2017-03-17T00:00:47","date_gmt":"2017-03-16T22:00:47","guid":{"rendered":"http:\/\/chronik.blackblogs.org\/?p=5863"},"modified":"2017-03-17T00:00:47","modified_gmt":"2017-03-16T22:00:47","slug":"autos-von-gewerkschaft-der-polizei-gdp-und-polizei-abgefackelt","status":"publish","type":"post","link":"https:\/\/chronik.noblogs.org\/?p=5863","title":{"rendered":"Autos von Gewerkschaft der Polizei (GdP) und Polizei abgefackelt"},"content":{"rendered":"<p><strong><a href=\"https:\/\/chronik.noblogs.org\/files\/2017\/03\/206925.jpg\"><img loading=\"lazy\" decoding=\"async\" class=\"alignright size-medium wp-image-5869\" src=\"https:\/\/chronik.noblogs.org\/files\/2017\/03\/206925-300x169.jpg\" alt=\"\" height=\"169\" width=\"300\" srcset=\"https:\/\/chronik.noblogs.org\/files\/2017\/03\/206925-300x169.jpg 300w, https:\/\/chronik.noblogs.org\/files\/2017\/03\/206925-768x432.jpg 768w, https:\/\/chronik.noblogs.org\/files\/2017\/03\/206925-1024x576.jpg 1024w, https:\/\/chronik.noblogs.org\/files\/2017\/03\/206925.jpg 1280w\" sizes=\"auto, (max-width: 300px) 100vw, 300px\" \/><\/a>Hamburg<\/strong>, 17. M\u00e4rz 2017<\/p>\n<blockquote><p>In Hamburg sagt man tsch\u00fcss &#8211; auch zu Bullenkarren<br \/>\nAm 17. M\u00e4rz haben wir 2 Fahrzeuge der Polizei in Hamburg in Brand gesetzt. Ganz in der N\u00e4he des Wohnsitzes von B\u00fcrgermeister Olaf Scholz brannte in der Schmarjestra\u00dfe das Fahrzeug seiner Bewacher ab. In der Hindenburgstra\u00dfe vor dem B\u00fcro der Gewerkschaft der Polizei (GdP) und direkt vor der Nase des Polizeipr\u00e4sidiums, brannte ein Bus der GdP.<br \/>\n<!--more--><br \/>\nDie Gewerkschaft der Polizei und ihr Landesvorsitzender Kirsch drohten nach dem Krawall vom 21.12.2013 in Hamburg: &#8220;Das n\u00e4chste Mal schie\u00dfen wir scharf!&#8221; Die vom Bund deutscher Kriminalbeamter ge\u00e4u\u00dferte Warnung vor einer Eskalation in Hamburg, mit dem Verweis auf die K\u00e4mpfe in Genua und der Ermordung von Carlo Giuliani gehen in eine \u00e4hnliche Richtung. Ganz so, als solle rechtzeitig klar gemacht werden, dass im Falle eines Kontrollverlustes w\u00e4hrend des G20 Gipfels, tote Demonstrant_innen nicht auszuschlie\u00dfen sind. Die t\u00e4glichen Opfer von Bullen sind nur notwendige Kollateralsch\u00e4den f\u00fcr dieses System.<\/p>\n<p>Die Gewerkschaft der Polizei zusammen mit der Deutschen Polizeigewerkschaft sind der politische Arm der Bullen. Sie dr\u00e4ngen auf eine Versch\u00e4rfung der Strafen f\u00fcr z.B. &#8220;t\u00e4tliche&#8221; Angriffe auf Polizist_innen. So sieht der geplante Paragraf 114 vor, dass Angriffe h\u00f6her und einfacher bestraft werden sollen und zwar auf jeden Fall mit Haftstrafen. Es muss nun nicht einmal zu einer K\u00f6rperverletzung kommen. Und wenn der_die Angreifer_in ein Werkzeug mitf\u00fchrt, ohne es zu verwenden oder die Absicht es zu verwenden, wirkt das strafversch\u00e4rfend. Der bislang geltende Paragraf war erst 2011 versch\u00e4rft worden. Doch entgegen den in der \u00d6ffentlichkeit pr\u00e4sentierten Zahlen, haben Angriffe auf Polizeibeamte in den letzten Jahren abgenommen. Selbst Strafgesetzexpert_innen sagen, dass schwere Verletzungen und l\u00e4ngere Dienstunf\u00e4higkeit in Deutschland eher selten sind. Leider! Es scheint also offensichtlich f\u00fcr wen ihre Gesetze funktionieren.<\/p>\n<p>Die Gewerkschaft der Polizei hat nun ein Fahrzeug weniger, das die Bullen w\u00e4hrend des Gipfels mit Kaffee versorgt. Und es gibt nun auch eine Wanne weniger, die sich uns oder anderen in den Weg stellen kann oder unsere Lebensr\u00e4ume kontrolliert. Das mag nicht viel sein, aber es kann jederzeit von allen, die sich dazu entschlie\u00dfen, wiederholt werden. Greifen wir an, was uns unterdr\u00fcckt. Es gibt nichts abzuwarten!<\/p>\n<p><a href=\"https:\/\/chronik.noblogs.org\/files\/2017\/03\/206930.jpg\"><img loading=\"lazy\" decoding=\"async\" class=\"alignright size-medium wp-image-5871\" src=\"https:\/\/chronik.noblogs.org\/files\/2017\/03\/206930-300x200.jpg\" alt=\"\" height=\"200\" width=\"300\" srcset=\"https:\/\/chronik.noblogs.org\/files\/2017\/03\/206930-300x200.jpg 300w, https:\/\/chronik.noblogs.org\/files\/2017\/03\/206930-768x511.jpg 768w, https:\/\/chronik.noblogs.org\/files\/2017\/03\/206930.jpg 820w\" sizes=\"auto, (max-width: 300px) 100vw, 300px\" \/><\/a>Wir erinnern an Ian Tomlinson, der im April 2009 w\u00e4hrend des G20 Gipfels in London an einem Herzinfarkt starb, nachdem ihn die Bullen mehrfach zu Boden gesto\u00dfen und geschlagen hatten und keine Wiederbelebungsversuche unternahmen.<br \/>\nWir erinnern an Carlo Giuliani, der 2001 in Genua w\u00e4hrend des G7 Gipfels von den Bullen erschossen wurde. Und an all die, deren Namen nicht bekannt sind und die im t\u00e4glichen Konflikt mit diesen Verh\u00e4ltnissen von den Bullen ermordet wurden.<\/p>\n<p>Vor dem Gipfel, w\u00e4hrend des Gipfels, nach dem Gipfel: Gegen Staat, Kapitalismus und jede Autorit\u00e4t!<\/p><\/blockquote>\n<p><strong>Quelle<\/strong>: <a href=\"https:\/\/linksunten.indymedia.org\/de\/node\/206906\">Linksunten<\/a><\/p>\n<p>&nbsp;<\/p>\n<p>&nbsp;<\/p>\n<p>Presse:<br \/>\n<strong>Welt<\/strong>: <a href=\"https:\/\/linksunten.indymedia.org\/de\/node\/206911\">Unbekannte z\u00fcnden mehrere Hamburger Polizeiwagen an<\/a><br \/>\n<strong>NDR<\/strong>:&nbsp; <a href=\"https:\/\/linksunten.indymedia.org\/de\/node\/206915\">Hamburger Polizeiwagen abgebrannt<\/a><br \/>\n<strong>Bild<\/strong>: <a href=\"https:\/\/linksunten.indymedia.org\/de\/node\/206924\">Auto von Scholz\u2018 Bewachern angez\u00fcndet<\/a><br \/>\n<strong>Hamburger Abendblatt<\/strong>: <a href=\"https:\/\/linksunten.indymedia.org\/de\/node\/206928\">Linksextreme bekennen sich zu Brandanschl\u00e4gen<\/a><\/p>\n<p>&nbsp;<\/p>\n","protected":false},"excerpt":{"rendered":"<p>Hamburg, 17. M\u00e4rz 2017 In Hamburg sagt man tsch\u00fcss &#8211; auch zu Bullenkarren Am 17. M\u00e4rz haben wir 2 Fahrzeuge der Polizei in Hamburg in Brand gesetzt. Ganz in der N\u00e4he des Wohnsitzes von B\u00fcrgermeister Olaf Scholz brannte in der Schmarjestra\u00dfe das Fahrzeug seiner Bewacher ab. In der Hindenburgstra\u00dfe vor dem B\u00fcro der Gewerkschaft der [&hellip;]<\/p>\n","protected":false},"author":12080,"featured_media":0,"comment_status":"closed","ping_status":"closed","sticky":false,"template":"","format":"standard","meta":{"footnotes":""},"categories":[2],"tags":[88],"class_list":["post-5863","post","type-post","status-publish","format-standard","hentry","category-de","tag-hamburg"],"_links":{"self":[{"href":"https:\/\/chronik.noblogs.org\/index.php?rest_route=\/wp\/v2\/posts\/5863","targetHints":{"allow":["GET"]}}],"collection":[{"href":"https:\/\/chronik.noblogs.org\/index.php?rest_route=\/wp\/v2\/posts"}],"about":[{"href":"https:\/\/chronik.noblogs.org\/index.php?rest_route=\/wp\/v2\/types\/post"}],"author":[{"embeddable":true,"href":"https:\/\/chronik.noblogs.org\/index.php?rest_route=\/wp\/v2\/users\/12080"}],"replies":[{"embeddable":true,"href":"https:\/\/chronik.noblogs.org\/index.php?rest_route=%2Fwp%2Fv2%2Fcomments&post=5863"}],"version-history":[{"count":0,"href":"https:\/\/chronik.noblogs.org\/index.php?rest_route=\/wp\/v2\/posts\/5863\/revisions"}],"wp:attachment":[{"href":"https:\/\/chronik.noblogs.org\/index.php?rest_route=%2Fwp%2Fv2%2Fmedia&parent=5863"}],"wp:term":[{"taxonomy":"category","embeddable":true,"href":"https:\/\/chronik.noblogs.org\/index.php?rest_route=%2Fwp%2Fv2%2Fcategories&post=5863"},{"taxonomy":"post_tag","embeddable":true,"href":"https:\/\/chronik.noblogs.org\/index.php?rest_route=%2Fwp%2Fv2%2Ftags&post=5863"}],"curies":[{"name":"wp","href":"https:\/\/api.w.org\/{rel}","templated":true}]}}