{"id":5861,"date":"2017-03-17T00:00:30","date_gmt":"2017-03-16T22:00:30","guid":{"rendered":"http:\/\/chronik.blackblogs.org\/?p=5861"},"modified":"2017-03-17T00:00:30","modified_gmt":"2017-03-16T22:00:30","slug":"auto-von-stefan-luedtke-ib-abgefackelt","status":"publish","type":"post","link":"https:\/\/chronik.noblogs.org\/?p=5861","title":{"rendered":"Auto von Stefan L\u00fcdtke (IB) abgefackelt"},"content":{"rendered":"<p><strong><a href=\"https:\/\/chronik.noblogs.org\/files\/2017\/03\/206934.jpg\"><img loading=\"lazy\" decoding=\"async\" class=\"alignright size-medium wp-image-5873\" src=\"https:\/\/chronik.noblogs.org\/files\/2017\/03\/206934-300x200.jpg\" alt=\"\" height=\"200\" width=\"300\" srcset=\"https:\/\/chronik.noblogs.org\/files\/2017\/03\/206934-300x200.jpg 300w, https:\/\/chronik.noblogs.org\/files\/2017\/03\/206934.jpg 505w\" sizes=\"auto, (max-width: 300px) 100vw, 300px\" \/><\/a>Bad Oldesloe<\/strong>, <span class=\"submitted\">17. M\u00e4rz 2017<\/span><\/p>\n<blockquote><p>heute nacht haben wir das auto von stefan l\u00fcdtke abgefackelt. er ist chef der identit\u00e4ren bewegung hamburg, wohnt und arbeitet in bad oldesloe. er kann sich nicht verstecken, keiner der ib mitglieder kann das!<\/p>\n<p>wir werden auch in zukunft der ib zeigen, dass ihre aktionen und angriffe nicht unbeantwortet bleiben. f\u00fcr jeden verteilter flyer, jeden sticker, jeden angriff, jede aktion, werdet ihr doppelt und dreifach bezahlen. euer versteckspiel ist vorbei. erwartet uns!<br \/>\n<!--more--><br \/>\nwir senden solidarische gr\u00fc\u00dfe an die angegriffenen genoss_innen in l\u00fcbeck und allen anderen betroffenen rechter gewalt!<\/p><\/blockquote>\n<p><strong>Quelle<\/strong>: <a href=\"https:\/\/linksunten.indymedia.org\/de\/node\/206933\">Linksunten<\/a><\/p>\n","protected":false},"excerpt":{"rendered":"<p>Bad Oldesloe, 17. M\u00e4rz 2017 heute nacht haben wir das auto von stefan l\u00fcdtke abgefackelt. er ist chef der identit\u00e4ren bewegung hamburg, wohnt und arbeitet in bad oldesloe. er kann sich nicht verstecken, keiner der ib mitglieder kann das! wir werden auch in zukunft der ib zeigen, dass ihre aktionen und angriffe nicht unbeantwortet bleiben. [&hellip;]<\/p>\n","protected":false},"author":12080,"featured_media":0,"comment_status":"closed","ping_status":"closed","sticky":false,"template":"","format":"standard","meta":{"footnotes":""},"categories":[2],"tags":[17],"class_list":["post-5861","post","type-post","status-publish","format-standard","hentry","category-de","tag-bad-oldesloe"],"_links":{"self":[{"href":"https:\/\/chronik.noblogs.org\/index.php?rest_route=\/wp\/v2\/posts\/5861","targetHints":{"allow":["GET"]}}],"collection":[{"href":"https:\/\/chronik.noblogs.org\/index.php?rest_route=\/wp\/v2\/posts"}],"about":[{"href":"https:\/\/chronik.noblogs.org\/index.php?rest_route=\/wp\/v2\/types\/post"}],"author":[{"embeddable":true,"href":"https:\/\/chronik.noblogs.org\/index.php?rest_route=\/wp\/v2\/users\/12080"}],"replies":[{"embeddable":true,"href":"https:\/\/chronik.noblogs.org\/index.php?rest_route=%2Fwp%2Fv2%2Fcomments&post=5861"}],"version-history":[{"count":0,"href":"https:\/\/chronik.noblogs.org\/index.php?rest_route=\/wp\/v2\/posts\/5861\/revisions"}],"wp:attachment":[{"href":"https:\/\/chronik.noblogs.org\/index.php?rest_route=%2Fwp%2Fv2%2Fmedia&parent=5861"}],"wp:term":[{"taxonomy":"category","embeddable":true,"href":"https:\/\/chronik.noblogs.org\/index.php?rest_route=%2Fwp%2Fv2%2Fcategories&post=5861"},{"taxonomy":"post_tag","embeddable":true,"href":"https:\/\/chronik.noblogs.org\/index.php?rest_route=%2Fwp%2Fv2%2Ftags&post=5861"}],"curies":[{"name":"wp","href":"https:\/\/api.w.org\/{rel}","templated":true}]}}