{"id":5852,"date":"2017-03-15T00:00:34","date_gmt":"2017-03-14T22:00:34","guid":{"rendered":"http:\/\/chronik.blackblogs.org\/?p=5852"},"modified":"2017-03-15T00:00:34","modified_gmt":"2017-03-14T22:00:34","slug":"auto-von-lars-steinke-ja-abgefackelt","status":"publish","type":"post","link":"https:\/\/chronik.noblogs.org\/?p=5852","title":{"rendered":"Auto von Lars Steinke (JA) abgefackelt"},"content":{"rendered":"<p><strong><a href=\"https:\/\/chronik.noblogs.org\/files\/2017\/03\/autogoe.jpg\"><img loading=\"lazy\" decoding=\"async\" class=\"alignright size-medium wp-image-5853\" src=\"https:\/\/chronik.noblogs.org\/files\/2017\/03\/autogoe-300x200.jpg\" alt=\"autogoe\" width=\"300\" height=\"200\" srcset=\"https:\/\/chronik.noblogs.org\/files\/2017\/03\/autogoe-300x200.jpg 300w, https:\/\/chronik.noblogs.org\/files\/2017\/03\/autogoe-768x512.jpg 768w, https:\/\/chronik.noblogs.org\/files\/2017\/03\/autogoe-1024x683.jpg 1024w\" sizes=\"auto, (max-width: 300px) 100vw, 300px\" \/><\/a>G\u00f6ttingen<\/strong>, 15. M\u00e4rz 2017<\/p>\n<blockquote><p>Ein Auto brannte in der Nacht zum Mittwoch im Stargarder Weg in G\u00f6ttingen aus. Die Polizei geht von politisch motivierter Brandstiftung aus.<\/p>\n<p>Der Vorfall ereignete sich gegen 3.20 Uhr. Der VW Golf, der in Flammen aufging, war vor einem Wohnhaus geparkt. Niemand wurde verletzt. Das Auto steht laut Polizei \u201eim Zusammenhang\u201c mit einem Mitglied der \u201eJungen Alternative\u201c. Durch die extreme Hitzeentwicklung wurde ein unmittelbar vor dem Auto abgestellter Renault Megane im Heckbereich besch\u00e4digt. Au\u00dferdem verursachte die Hitze Verformungen an einer nahegelegenen Balkonbr\u00fcstung aus Kunststoff.<br \/>\n<!--more--><br \/>\nAn den beiden Fahrzeugen entstand nach ersten Sch\u00e4tzungen wirtschaftlicher Totalschaden in H\u00f6he von etwa 20.000 Euro.<\/p>\n<p>Die alarmierte Berufsfeuerwehr konnte in weiteres \u00dcbergreifen der Flammen auf andere Fahrzeuge verhindern. Die genaue Brandursache ist derzeit noch unklar. Der Golf wurde von der Polizei f\u00fcr entsprechende Untersuchungen sichergestellt.<\/p>\n<p>Ermittlungen dauern an<\/p>\n<p>Aufgrund der bislang vorliegenden Erkenntnisse beziehungsweise der Gesamtumst\u00e4nde gehen die Ermittler zurzeit von einer vors\u00e4tzlichen, politisch motivierten Brandstiftung aus. Die weiteren Ermittlungen \u00fcbernimmt das Staatschutzkommissariat der Polizeiinspektion G\u00f6ttingen.<\/p><\/blockquote>\n<p><strong>Quelle<\/strong>: <a href=\"https:\/\/linksunten.indymedia.org\/de\/node\/206723\">HNA<\/a><\/p>\n","protected":false},"excerpt":{"rendered":"<p>G\u00f6ttingen, 15. M\u00e4rz 2017 Ein Auto brannte in der Nacht zum Mittwoch im Stargarder Weg in G\u00f6ttingen aus. Die Polizei geht von politisch motivierter Brandstiftung aus. Der Vorfall ereignete sich gegen 3.20 Uhr. Der VW Golf, der in Flammen aufging, war vor einem Wohnhaus geparkt. Niemand wurde verletzt. Das Auto steht laut Polizei \u201eim Zusammenhang\u201c [&hellip;]<\/p>\n","protected":false},"author":12080,"featured_media":0,"comment_status":"closed","ping_status":"closed","sticky":false,"template":"","format":"standard","meta":{"footnotes":""},"categories":[2],"tags":[74],"class_list":["post-5852","post","type-post","status-publish","format-standard","hentry","category-de","tag-goettingen"],"_links":{"self":[{"href":"https:\/\/chronik.noblogs.org\/index.php?rest_route=\/wp\/v2\/posts\/5852","targetHints":{"allow":["GET"]}}],"collection":[{"href":"https:\/\/chronik.noblogs.org\/index.php?rest_route=\/wp\/v2\/posts"}],"about":[{"href":"https:\/\/chronik.noblogs.org\/index.php?rest_route=\/wp\/v2\/types\/post"}],"author":[{"embeddable":true,"href":"https:\/\/chronik.noblogs.org\/index.php?rest_route=\/wp\/v2\/users\/12080"}],"replies":[{"embeddable":true,"href":"https:\/\/chronik.noblogs.org\/index.php?rest_route=%2Fwp%2Fv2%2Fcomments&post=5852"}],"version-history":[{"count":0,"href":"https:\/\/chronik.noblogs.org\/index.php?rest_route=\/wp\/v2\/posts\/5852\/revisions"}],"wp:attachment":[{"href":"https:\/\/chronik.noblogs.org\/index.php?rest_route=%2Fwp%2Fv2%2Fmedia&parent=5852"}],"wp:term":[{"taxonomy":"category","embeddable":true,"href":"https:\/\/chronik.noblogs.org\/index.php?rest_route=%2Fwp%2Fv2%2Fcategories&post=5852"},{"taxonomy":"post_tag","embeddable":true,"href":"https:\/\/chronik.noblogs.org\/index.php?rest_route=%2Fwp%2Fv2%2Ftags&post=5852"}],"curies":[{"name":"wp","href":"https:\/\/api.w.org\/{rel}","templated":true}]}}