{"id":5795,"date":"2017-02-27T00:00:50","date_gmt":"2017-02-26T22:00:50","guid":{"rendered":"http:\/\/chronik.blackblogs.org\/?p=5795"},"modified":"2017-02-27T00:00:50","modified_gmt":"2017-02-26T22:00:50","slug":"gegenbauer-firmenwagen-abgefackelt","status":"publish","type":"post","link":"https:\/\/chronik.noblogs.org\/?p=5795","title":{"rendered":"Gegenbauer-Firmenwagen abgefackelt"},"content":{"rendered":"<p><strong>Berlin<\/strong>, 27. Februar 2017<\/p>\n<blockquote><p>voller genungtung lasen wir das montag fr\u00fch 2 karren komplett ausbrannten und eine weitere im mitleidenschafft gezogen wurde. diesmal traf es die firma gegenbauer, die an der skalitzerstra\u00dfe f\u00fcr das facility management der umliegenden bl\u00f6cke zust\u00e4ndig ist. wenn in den h\u00e4usern vom kotti quer durch den wassertorkiez die betriebskosten doppelt so hoch sind wie im berliner durchschnitt bedankt sich gegenbauer bei dem eigent\u00fcmer der deutschen wohnen, dessen facility management sie bereits 2009 komplett \u00fcbernommen haben. ermutigt von der gro\u00dfen demo, die am wochenende durch kreuzberg lief, zogen wir in der darauf folgenden nacht los und sendeten unsere botschaft an die k\u00e4mpfenden.<\/p>\n<p>wut:ausbruch? warum rasten in diesen verh\u00e4ltnissen nich alle aus?<br \/>\n<!--more--><br \/>\nunsere aktion wollen wir in diesen kampffeld einordnen, nicht als ein programm sondern ein erg\u00e4nzendes mittel. erg\u00e4nzend dahingehend, als dass wir haustreffen und kiezversammlungen oder demos als orte der zusammenkunft offener organisationsformen sehen, als orte des austausches. aber auch als orte die in einer gewissen passivit\u00e4t stehen bleiben. die passivit\u00e4t beginnt hierbei direkt nach dem fragen nach einer politischen oder juristischen l\u00f6sung. die eigene verantwortung und gestaltungsmacht wird an expert*innen abgegeben die unser leben verwalten. \u00fcberwinden wir diesen passiven zustand und eigenen wir uns unser leben an.<\/p>\n<p>strategische intervention\u00b9<\/p>\n<p>in dem wir das verengte bild von juristischen wie politischen handlungsm\u00f6glichkeiten \u00f6ffnen, zeigen wir nicht nur\u00a0 mittel auf, die diese passivit\u00e4t \u00fcberwinden, auch spitzen wir die verh\u00e4ltnisse zu und stellen die frage nach der eigenen position innerhalb der konflikte.<br \/>\nhierbei geht es jedoch nicht um &#8220;wer nicht f\u00fcr uns ist, ist gegen uns&#8221;, es geht nicht um die personen und wo sie stehen, sondern um die machtbeziehungen zueinander.<br \/>\nzuspitzung bedeutet f\u00fcr uns, uns von dieser beziehung regierter regelkonformit\u00e4t zu l\u00f6sen und zu fragen wer wird wie regiert. diese machtverh\u00e4ltnisse zuzuspiten hei\u00dft, sie sichtbar zu machen.<\/p>\n<p>seien wir unregierbar<\/p>\n<p>regieren, vom lateinischen regere, kommt von lenken\/gerade richten. regierung k\u00fcmmert sich nur sekund\u00e4r um das individuum. das \u00fcbernimmt die familie, die schule, die arbeit\/der knast. zu regieren hei\u00dft, das schiff in dem wir alle sitzen zu steuern: den sturm erkennen bevor er da ist, ihn zu umfahren, ihn zu nutzen: erkenntnis &#8211; vorhersage -lenkung -aneignung.<br \/>\ndas erkl\u00e4rt die &#8220;kritischen&#8221; wissenschaftler*innen und ihr kiez monitoring, den sozialarbeiter*innen im problemkiez, mediationsverfahren in der nachbarschaft, die b\u00fcrgerbeteiligung. in letzter instanz sichern die bullen alles ab.<br \/>\nzu regieren hei\u00dft zu reagieren. wir agieren unregierbar, erkennen situationen in denen wir au\u00dferhalb des planbaren handeln k\u00f6nnen. es geht also nicht darum gewaltvoll oder nicht gewaltvoll zu sein, sondern eine radikale position zu entwickeln die sich nicht vereinnahmen l\u00e4sst. offensiv zu sein, die verh\u00e4ltnisse zu negieren, theoretisch wie praktisch.<br \/>\nabgesehn davon sa\u00dfen &#8220;wir&#8221; noch nie im selben boot,<br \/>\ndarum gehts uns auch nicht ums steuer!<\/p>\n<p>ich war als kind schon schei\u00dfe!<\/p>\n<p>machtbeziehungen durchziehen uns sowohl individuell als auch unser soziales leben. von kind auf lernen wir was normal und unnormal ist, was richtig und was falsch ist. durch strafen oder aber durch belohnung. ganz egal wie, das ziel bleibt das gleiche: ein normiertes individuum zu formen, das den aktuellen anspr\u00fcchen gen\u00fcgt und funktioniert.<br \/>\ndie normen sind nicht starr, die zeit der 10 gebote ist vorbei! nach 68 hat jede*r schonmal geklaut oder gekifft. wer keine wilde jugend hatte, ist selber schuld! das ist die freiheit die es gibt. oder wie der alte zuhause immer sagte: &#8220;wer saufen kann, kann auch arbeiten!&#8221;<br \/>\nin den herrschenden verh\u00e4ltnissen zurecht zu kommen, hei\u00dft mitzuspielen und sich gewissen regeln unter zu ordnen. militant sein hei\u00dft, nicht zu funktionieren, das regelfundament in frage zu stellen, selbst zu entscheiden und die freiheit gemeinsam erk\u00e4mpfen. lasst uns lernen aus dem spiel auszubrechen. seien wir spielverderber*innen<\/p>\n<p>wir sind ein bild der zukunft<\/p>\n<p>in diesen auseinandersetzungen geht es nicht um gewalt und gegengewalt, es geht um uns, nicht um unseren &#8220;gegner&#8221;. wir entwickeln uns in diesen k\u00e4mpfen. die kraft der sch\u00f6pferischen zerst\u00f6rung \u00f6ffnet neue horizonte in uns und zwischen den k\u00e4mpfenden.<br \/>\nwir lernen einander anders kennen, auch in angst, doch lernen wir diese gemeinsam zu \u00fcberwinden. wir lernen mit dieser angst eine position zu finden mit der wir uns wohl f\u00fchlen. wir lernen, uns trotz dieser angst nicht klein_er zu f\u00fchlen. wir lernen diese angst zu \u00fcberwinden. all dies mit einer hoffnung: uns irgenwann anders zu sehen als in angst.<br \/>\nwir spielen die situationen durch, sprechen \u00fcber das rasende herz, die angst in den gedanken, wir lernen sie zu \u00fcberwinden um dann unserer wut freien lauf zu lassen.<\/p>\n<p>solidarische gr\u00fc\u00dfe senden wir den verteidiger_innen des effi<br \/>\nwir sehn uns im kiez<\/p>\n<p>auf nach hamburg<\/p>\n<p>wir sagen tsch\u00fcss<\/p>\n<p>ag-wut&amp;ausbruch<\/p>\n<p>\u00b9intervention: unwort des jahres 2005. nach dem g8 gipfel in heiligendamm offiziell aus dem linksradikalen sprachgebrauch gestrichen.<\/p><\/blockquote>\n<p><strong>Quelle<\/strong>: <a href=\"https:\/\/linksunten.indymedia.org\/de\/node\/205508\">Linksunten<\/a><\/p>\n","protected":false},"excerpt":{"rendered":"<p>Berlin, 27. Februar 2017 voller genungtung lasen wir das montag fr\u00fch 2 karren komplett ausbrannten und eine weitere im mitleidenschafft gezogen wurde. diesmal traf es die firma gegenbauer, die an der skalitzerstra\u00dfe f\u00fcr das facility management der umliegenden bl\u00f6cke zust\u00e4ndig ist. wenn in den h\u00e4usern vom kotti quer durch den wassertorkiez die betriebskosten doppelt so [&hellip;]<\/p>\n","protected":false},"author":12080,"featured_media":0,"comment_status":"closed","ping_status":"closed","sticky":false,"template":"","format":"standard","meta":{"footnotes":""},"categories":[2],"tags":[24],"class_list":["post-5795","post","type-post","status-publish","format-standard","hentry","category-de","tag-berlin"],"_links":{"self":[{"href":"https:\/\/chronik.noblogs.org\/index.php?rest_route=\/wp\/v2\/posts\/5795","targetHints":{"allow":["GET"]}}],"collection":[{"href":"https:\/\/chronik.noblogs.org\/index.php?rest_route=\/wp\/v2\/posts"}],"about":[{"href":"https:\/\/chronik.noblogs.org\/index.php?rest_route=\/wp\/v2\/types\/post"}],"author":[{"embeddable":true,"href":"https:\/\/chronik.noblogs.org\/index.php?rest_route=\/wp\/v2\/users\/12080"}],"replies":[{"embeddable":true,"href":"https:\/\/chronik.noblogs.org\/index.php?rest_route=%2Fwp%2Fv2%2Fcomments&post=5795"}],"version-history":[{"count":0,"href":"https:\/\/chronik.noblogs.org\/index.php?rest_route=\/wp\/v2\/posts\/5795\/revisions"}],"wp:attachment":[{"href":"https:\/\/chronik.noblogs.org\/index.php?rest_route=%2Fwp%2Fv2%2Fmedia&parent=5795"}],"wp:term":[{"taxonomy":"category","embeddable":true,"href":"https:\/\/chronik.noblogs.org\/index.php?rest_route=%2Fwp%2Fv2%2Fcategories&post=5795"},{"taxonomy":"post_tag","embeddable":true,"href":"https:\/\/chronik.noblogs.org\/index.php?rest_route=%2Fwp%2Fv2%2Ftags&post=5795"}],"curies":[{"name":"wp","href":"https:\/\/api.w.org\/{rel}","templated":true}]}}