{"id":5761,"date":"2017-02-28T00:00:15","date_gmt":"2017-02-27T22:00:15","guid":{"rendered":"http:\/\/chronik.blackblogs.org\/?p=5761"},"modified":"2017-02-28T00:00:15","modified_gmt":"2017-02-27T22:00:15","slug":"sechs-securitas-autos-abgefackelt","status":"publish","type":"post","link":"https:\/\/chronik.noblogs.org\/?p=5761","title":{"rendered":"Sechs Securitas-Autos abgefackelt"},"content":{"rendered":"<p><strong><a href=\"https:\/\/chronik.noblogs.org\/files\/2017\/03\/205334.jpg\"><img loading=\"lazy\" decoding=\"async\" class=\"alignright size-medium wp-image-5762\" src=\"https:\/\/chronik.noblogs.org\/files\/2017\/03\/205334-300x169.jpg\" alt=\"205334\" width=\"300\" height=\"169\" srcset=\"https:\/\/chronik.noblogs.org\/files\/2017\/03\/205334-300x169.jpg 300w, https:\/\/chronik.noblogs.org\/files\/2017\/03\/205334-768x432.jpg 768w, https:\/\/chronik.noblogs.org\/files\/2017\/03\/205334.jpg 820w\" sizes=\"auto, (max-width: 300px) 100vw, 300px\" \/><\/a>Berlin<\/strong>, 28. Februar 2017<\/p>\n<blockquote><p>Bon Soir! Am Abend des 28. Februar haben wir am Anhalter Bahnhof sechs Fahrzeuge der Firma Securitas abgefackelt. Securitas bewacht in Berlin seit zwei Jahren den Zugang zur besetzten Schule in der Ohlauer Stra\u00dfe in Kreuzberg und zwingt damit die wenigen dort verbliebenen Gefl\u00fcchteten zu einem Knast-\u00e4hnlichen Leben. Durch st\u00e4ndige Anzeigen und Schikanen der Bewohner_innen hat sich deren Zahl st\u00e4ndig reduziert \u2013 viele sind im Knast verschwunden, wurden abgeschoben oder haben Hausverbot.<br \/>\n<!--more--><br \/>\nWenn wir uns mit den Sklav_innen der Gesellschaft tiefer identifizieren w\u00fcrden, dann w\u00fcrden wir jetzt dar\u00fcber jammern, dass die \u201eBewachung\u201c Millionen von Euros f\u00fcr Steuerzahler_innen kostet. Aber nein. Dann m\u00fcssten wir uns jedoch auch \u00fcber die schlimmen Arbeitsbedingungen in der Sicherheitsbranche beschweren. Aber im Gegenteil arbeiten wir an der Zerst\u00f6rung der Br\u00fccken dieser Gesellschaft, die immer noch und gerade durch die Sicherheitsbranche erhalten werden, um selbst die teilautonomen Milieus mit widerst\u00e4ndiger Praxis zu integrieren.<\/p>\n<p>Auch darum schauen wir uns mit funkelnden Blicken um und nehmen wahr, dass derzeit die Kanalisierung der Wut in jeglichen entlegenen Regionen dieser beschissenen Welt zunehmen. Wir lesen von den Ausschreitungen in Schweden, der brodelnden Wut in der Schweiz oder den Angriffen gegen die H\u00fcter_innen des Systems in Frankreich. Unsere Verbundenheit wollen wir nicht weiter im stillen zelebrieren, sondern durch wahrnehmbare Schwaden von brennenden Reifen, H\u00e4usern und ganzen Teilen der Stadt sichtbar machen. So wie es unsere Gef\u00e4hrt_innen in Griechenland formulieren, wollen auch wir die N\u00e4chte der zufriedenen Gesellschaft in Brand stecken und unsere St\u00e4dte in unregierbare Schlachtfelder verwandeln.<\/p>\n<p>Es gibt Individuen, die nicht in die Knechtschaft des Systems verfallen sind und ihre Perspektiven selbst bestimmen um nicht der selben Schmach zu verfallen. Das Einholen der letzten Anker und die Auflehnung gegen diese Sklaverei\/Barbarei wird zunehmend st\u00e4rker. Denen, deren Namen wir erfahren haben, widmen wir auch diesen Angriff, um sie zu st\u00e4rken in ihrem Kampf oder um die Erinnerung wach zu halten:<\/p>\n<p>F\u00fcr Tamara Sol im Knast des vom chilenischen Staat dominierten Territorium, weil sie Vergeltung an einem Security S\u00f6ldner ge\u00fcbt haben soll.<\/p>\n<p>F\u00fcr Nikos Maziotis und Pola Roupa, die gezwungen sind vor Gericht gegen den Geiselstatus ihres Kindes zu k\u00e4mpfen.<\/p>\n<p>F\u00fcr Lambros Foundas, der vor sieben Jahren im Kampf gegen die Schweine in Athen erschossen wurde.<\/p>\n<p>F\u00fcr die Unz\u00e4hligen auf der Flucht, die im Namen der EU an den Grenzen durch private und staatliche S\u00f6ldner ermordet werden oder in Abschiebelagern von privaten Sicherheitsfirmen bewacht werden.<\/p>\n<p>Wir, eine Verschw\u00f6rung rachs\u00fcchtiger Brandstifter_innen, rufen die weltweiten Zellen und Individuen der anarchistischen Aktion auf, die Vorschl\u00e4ge aus dem deutschsprachigen Raum zu unterst\u00fctzen, den G20-Gipfel dazu zu nutzen, die gemeinsame Praxis zu st\u00e4rken. In diesem Sinne sollten wird durch Bezugnahme die Idee der informellen Koordinierung verbreiten. So wird es f\u00fcr uns keinen Gipfel mit zeitlich begrenzten Protesten geben, sondern den Versuch, schon vorher und nachhaltig unkontrollierbare Zust\u00e4nde ohne politische Forderungen herzustellen.<\/p><\/blockquote>\n<p><strong>Quelle<\/strong>: <a href=\"https:\/\/linksunten.indymedia.org\/de\/node\/205440\">Linksunten<\/a><\/p>\n<p>&nbsp;<\/p>\n<p>&nbsp;<\/p>\n\n\t\t\t<div id='gallery-5761-1' class='gallery gallery-5761'>\n\t\t\t\t<div class='gallery-row gallery-clear'>\n\t\t\t\t\t<dl class='gallery-item col-3'>\n\t\t\t\t\t\t<dt class='gallery-icon'><a href='https:\/\/chronik.noblogs.org\/files\/2017\/03\/205266.jpg'><img loading=\"lazy\" decoding=\"async\" width=\"150\" height=\"150\" src=\"https:\/\/chronik.noblogs.org\/files\/2017\/03\/205266-150x150.jpg\" class=\"attachment-thumbnail size-thumbnail\" alt=\"\" \/><\/a><\/dt>\n\t\t\t\t\t<\/dl>\n\t\t\t\t\t<dl class='gallery-item col-3'>\n\t\t\t\t\t\t<dt class='gallery-icon'><a href='https:\/\/chronik.noblogs.org\/files\/2017\/03\/205267.jpg'><img loading=\"lazy\" decoding=\"async\" width=\"150\" height=\"150\" src=\"https:\/\/chronik.noblogs.org\/files\/2017\/03\/205267-150x150.jpg\" class=\"attachment-thumbnail size-thumbnail\" alt=\"\" \/><\/a><\/dt>\n\t\t\t\t\t<\/dl>\n\t\t\t\t\t<dl class='gallery-item col-3'>\n\t\t\t\t\t\t<dt class='gallery-icon'><a href='https:\/\/chronik.noblogs.org\/files\/2017\/03\/205259.jpg'><img loading=\"lazy\" decoding=\"async\" width=\"150\" height=\"150\" src=\"https:\/\/chronik.noblogs.org\/files\/2017\/03\/205259-150x150.jpg\" class=\"attachment-thumbnail size-thumbnail\" alt=\"\" \/><\/a><\/dt>\n\t\t\t\t\t<\/dl>\n\t\t\t\t<\/div>\n\t\t\t<\/div><!-- .gallery -->\n\n<p>&nbsp;<\/p>\n<p>&nbsp;<\/p>\n<p>Presse:<\/p>\n<p><strong>Vice<\/strong>: <a href=\"https:\/\/linksunten.indymedia.org\/de\/node\/205714\">Linksextreme bekennen sich zu Brandanschl\u00e4gen in Berlin<\/a><\/p>\n","protected":false},"excerpt":{"rendered":"<p>Berlin, 28. Februar 2017 Bon Soir! Am Abend des 28. Februar haben wir am Anhalter Bahnhof sechs Fahrzeuge der Firma Securitas abgefackelt. Securitas bewacht in Berlin seit zwei Jahren den Zugang zur besetzten Schule in der Ohlauer Stra\u00dfe in Kreuzberg und zwingt damit die wenigen dort verbliebenen Gefl\u00fcchteten zu einem Knast-\u00e4hnlichen Leben. Durch st\u00e4ndige Anzeigen [&hellip;]<\/p>\n","protected":false},"author":12080,"featured_media":0,"comment_status":"closed","ping_status":"closed","sticky":false,"template":"","format":"standard","meta":{"footnotes":""},"categories":[2],"tags":[24],"class_list":["post-5761","post","type-post","status-publish","format-standard","hentry","category-de","tag-berlin"],"_links":{"self":[{"href":"https:\/\/chronik.noblogs.org\/index.php?rest_route=\/wp\/v2\/posts\/5761","targetHints":{"allow":["GET"]}}],"collection":[{"href":"https:\/\/chronik.noblogs.org\/index.php?rest_route=\/wp\/v2\/posts"}],"about":[{"href":"https:\/\/chronik.noblogs.org\/index.php?rest_route=\/wp\/v2\/types\/post"}],"author":[{"embeddable":true,"href":"https:\/\/chronik.noblogs.org\/index.php?rest_route=\/wp\/v2\/users\/12080"}],"replies":[{"embeddable":true,"href":"https:\/\/chronik.noblogs.org\/index.php?rest_route=%2Fwp%2Fv2%2Fcomments&post=5761"}],"version-history":[{"count":0,"href":"https:\/\/chronik.noblogs.org\/index.php?rest_route=\/wp\/v2\/posts\/5761\/revisions"}],"wp:attachment":[{"href":"https:\/\/chronik.noblogs.org\/index.php?rest_route=%2Fwp%2Fv2%2Fmedia&parent=5761"}],"wp:term":[{"taxonomy":"category","embeddable":true,"href":"https:\/\/chronik.noblogs.org\/index.php?rest_route=%2Fwp%2Fv2%2Fcategories&post=5761"},{"taxonomy":"post_tag","embeddable":true,"href":"https:\/\/chronik.noblogs.org\/index.php?rest_route=%2Fwp%2Fv2%2Ftags&post=5761"}],"curies":[{"name":"wp","href":"https:\/\/api.w.org\/{rel}","templated":true}]}}