{"id":5756,"date":"2017-02-28T00:00:36","date_gmt":"2017-02-27T22:00:36","guid":{"rendered":"http:\/\/chronik.blackblogs.org\/?p=5756"},"modified":"2017-02-28T00:00:36","modified_gmt":"2017-02-27T22:00:36","slug":"steine-gegen-rechte-kneipen","status":"publish","type":"post","link":"https:\/\/chronik.noblogs.org\/?p=5756","title":{"rendered":"Steine gegen rechte Kneipen"},"content":{"rendered":"<p><strong>Berlin<\/strong>, 28. Februar 2017<\/p>\n<blockquote><p>in der nacht des 27.\/28. februar bekam die kneipe &#8220;sturgis&#8221; in der margaretenstrasse 21 in berlin-lichtenberg sowie die gastst\u00e4tte &#8220;zum nudelholz&#8221; in der falkenberger strasse 37a in berlin weissensee antifaschistischen besuch. dabei gingen in lichtenberg jalousien und fenster kaputt und farbe landete and der fassade. auch in weissensee muss der wirt sich nun neue fenster zulegen.<br \/>\n<!--more--><br \/>\nsturgis<br \/>\ndie kneipe sturgis ist seit jahren treffpunkt der organisierten neonaziszene berlins. bereits zu zeiten der &#8220;kameradschaft spreewacht&#8221; war die bierbar beliebter anlaufpunkt f\u00fcr die subkulturelle neonaziszene. mit heiko weber als betreiber und mandie varschen (damals domaininhaberin der &#8220;ks spreewacht&#8221;-website) wurde die kneipe vor allem f\u00fcr die bands &#8220;legion of thor&#8221; um david ferrenz und heiko hagen zum wochenenddomizil. auch peter brammann und seine band &#8220;deutsch stolz treue&#8221; schauten im &#8220;sturgis&#8221; \u00f6fters vorbei. auff\u00e4llig ist vor allem der bezug zu den neonazirockern &#8220;vandalen&#8221; um michael &#8220;lunikoff&#8221; regener. dessen mitstreiter, der &#8220;vandale&#8221; matthias &#8220;wicki&#8221; gohlke soll zwischenteilich auch im &#8220;sturgis&#8221; gearbeitet haben. ein bild von ihm und &#8220;erik &amp; sons&#8221; mitarbeiter nico &#8220;lawi&#8221; hlawanka wurde mit dem satz kommentiert: &#8220;na sch\u00f6n sturgas mit vicky&#8221; (rechtschreibfehler im original).<br \/>\ndas &#8220;sturgis&#8221; ist bis heute das wohl einzige neonazilokal, dass nicht nur regelm\u00e4\u00dfig von der szene frequentiert und als &#8220;ihre&#8221; kneipe betrachtet wird, sondern auch schon so lange in berlin bestand hat. auch au\u00dferhalb berlins hat das lokal einen stellenwert. so posiert die band &#8220;katastrof&#8221; aus italien mit &#8220;sturgis&#8221;-tshirts. kein wunder, denn die band ist eng mit dem ehemaligen &#8220;landser&#8221; s\u00e4nger michael regener befreundet.<br \/>\nauch in mecklenburg-vorpommern, genauer gesagt in anklam, ist eine n\u00e4he zur kneipe erkennbar. jens semrock, neonazi und dachdecker, trank dort \u00f6fters nach getaner arbeit mit arbeitskollegen wie &#8220;marci&#8221;, dem &#8220;vandalen&#8221; und s\u00e4nger der berliner rechtsrockband &#8220;t\u00e4tervolk&#8221; sein feierabendbier. wohl aus sympathie gelangten so tshirts nach anklam, wo diese stolz pr\u00e4sentiert wurden.<\/p>\n<p>nudelholz<br \/>\ndie gastst\u00e4tte &#8220;zum nudelholz&#8221; in weissensee ist dagegen ein veranstaltungsort f\u00fcr die rechtspopulisten der &#8220;alternative f\u00fcr deutschland&#8221; (afd).<br \/>\ndort veranstaltet die afd pankow regelm\u00e4\u00dfig informationsabende, stammtische und parteitage. das d\u00fcrfte f\u00fcr betreiber steffen ulm nicht nur finanziell gelegen kommen. es d\u00fcrfte vielmehr in seine politischen linie passen, denn im jahr 2010 war er gr\u00fcndungsmitglied einer b\u00fcrgerinitiative gegen gefl\u00fcchtete.<\/p>\n<p>ob rocker\u00e4hnliche neonazis a l\u00e0 &#8220;vandalen&#8221; oder neonazis im nadelstreifen: menschenverachtung, rassismus und dessen f\u00f6rderung hat immer noch konsequenzen<br \/>\nwir fordern alle dazu auf, naziattacken zu beantworten und ihre infrastruktur anzugreifen! gerade jetzt, wo wieder ein altbekannter kreis von anti-antifa\/ nw berlin aktivisten angriffe auf linke ausf\u00fchrt, ist das um so notwendiger!<\/p>\n<p>manchmal helfen schellen (und kaputte fenster)<\/p><\/blockquote>\n<p><strong>Quelle<\/strong>: <a href=\"https:\/\/linksunten.indymedia.org\/de\/node\/205240\">Linksunten<\/a><\/p>\n<p>&nbsp;<\/p>\n<p>&nbsp;<\/p>\n<p><strong>Polizei<\/strong>:<\/p>\n<blockquote><p>Unbekannte haben in der vergangenen Nacht mehrere Au\u00dfenjalousien und Fenster zweier Gastst\u00e4tten in Pankow und in Lichtenberg besch\u00e4digt.<br \/>\nEin Anwohner alarmierte heute kurz nach 2 Uhr die Polizei in die Falkenberger Stra\u00dfe in Wei\u00dfensee, nachdem er durch laute Ger\u00e4usche die besch\u00e4digte Fensterfront entdeckt hatte. Der Zeuge gab an, dass er f\u00fcnf dunkel gekleidete Personen mit Kapuzen in Richtung Piesporter Stra\u00dfe hat weglaufen sehen.<br \/>\nGegen 11.30 Uhr entdeckten Passanten ebenfalls Besch\u00e4digungen an den Rolll\u00e4den und Fensterscheiben einer Gastst\u00e4tte in der Rummelsburger Margaretenstra\u00dfe und alarmierten die Polizei. Auch hier d\u00fcrfte der Tatzeitraum in der Nacht gelegen haben, entsprechende Alarmierungen der Polizei aus der Nacht- bzw. Tatzeit sind bisher noch nicht bekannt.<br \/>\nNach den bisherigen Erkenntnissen ist eine politische Tatmotivation nicht auszuschlie\u00dfen. Daher hat der Polizeiliche Staatsschutz des Landeskriminalamtes die Ermittlungen \u00fcbernommen und pr\u00fcft, ob Zusammenh\u00e4nge dieser beiden F\u00e4lle bzw. zu weiteren Straftaten bestehen.<\/p><\/blockquote>\n","protected":false},"excerpt":{"rendered":"<p>Berlin, 28. Februar 2017 in der nacht des 27.\/28. februar bekam die kneipe &#8220;sturgis&#8221; in der margaretenstrasse 21 in berlin-lichtenberg sowie die gastst\u00e4tte &#8220;zum nudelholz&#8221; in der falkenberger strasse 37a in berlin weissensee antifaschistischen besuch. dabei gingen in lichtenberg jalousien und fenster kaputt und farbe landete and der fassade. auch in weissensee muss der wirt [&hellip;]<\/p>\n","protected":false},"author":12080,"featured_media":0,"comment_status":"closed","ping_status":"closed","sticky":false,"template":"","format":"standard","meta":{"footnotes":""},"categories":[2],"tags":[24],"class_list":["post-5756","post","type-post","status-publish","format-standard","hentry","category-de","tag-berlin"],"_links":{"self":[{"href":"https:\/\/chronik.noblogs.org\/index.php?rest_route=\/wp\/v2\/posts\/5756","targetHints":{"allow":["GET"]}}],"collection":[{"href":"https:\/\/chronik.noblogs.org\/index.php?rest_route=\/wp\/v2\/posts"}],"about":[{"href":"https:\/\/chronik.noblogs.org\/index.php?rest_route=\/wp\/v2\/types\/post"}],"author":[{"embeddable":true,"href":"https:\/\/chronik.noblogs.org\/index.php?rest_route=\/wp\/v2\/users\/12080"}],"replies":[{"embeddable":true,"href":"https:\/\/chronik.noblogs.org\/index.php?rest_route=%2Fwp%2Fv2%2Fcomments&post=5756"}],"version-history":[{"count":0,"href":"https:\/\/chronik.noblogs.org\/index.php?rest_route=\/wp\/v2\/posts\/5756\/revisions"}],"wp:attachment":[{"href":"https:\/\/chronik.noblogs.org\/index.php?rest_route=%2Fwp%2Fv2%2Fmedia&parent=5756"}],"wp:term":[{"taxonomy":"category","embeddable":true,"href":"https:\/\/chronik.noblogs.org\/index.php?rest_route=%2Fwp%2Fv2%2Fcategories&post=5756"},{"taxonomy":"post_tag","embeddable":true,"href":"https:\/\/chronik.noblogs.org\/index.php?rest_route=%2Fwp%2Fv2%2Ftags&post=5756"}],"curies":[{"name":"wp","href":"https:\/\/api.w.org\/{rel}","templated":true}]}}