{"id":5723,"date":"2017-02-17T00:00:22","date_gmt":"2017-02-16T22:00:22","guid":{"rendered":"http:\/\/chronik.blackblogs.org\/?p=5723"},"modified":"2017-02-17T00:00:22","modified_gmt":"2017-02-16T22:00:22","slug":"unterlagen-der-identitaeren-bewegung-allgaeu-geklaut","status":"publish","type":"post","link":"https:\/\/chronik.noblogs.org\/?p=5723","title":{"rendered":"Unterlagen der &#8220;Identit\u00e4ren Bewegung Allg\u00e4u&#8221; geklaut"},"content":{"rendered":"<p style=\"text-align: left\"><strong><a href=\"https:\/\/chronik.noblogs.org\/files\/2017\/03\/204951.jpg\"><img loading=\"lazy\" decoding=\"async\" class=\"alignright size-medium wp-image-5724\" src=\"https:\/\/chronik.noblogs.org\/files\/2017\/03\/204951-300x199.jpg\" alt=\"204951\" width=\"300\" height=\"199\" srcset=\"https:\/\/chronik.noblogs.org\/files\/2017\/03\/204951-300x199.jpg 300w, https:\/\/chronik.noblogs.org\/files\/2017\/03\/204951-768x509.jpg 768w, https:\/\/chronik.noblogs.org\/files\/2017\/03\/204951.jpg 986w\" sizes=\"auto, (max-width: 300px) 100vw, 300px\" \/><\/a>Memmingen<\/strong>, 17. Februar 2017<\/p>\n<blockquote><p>Mit einem konspirativen Treffen wollte die vor kurzem gegr\u00fcndete Identit\u00e4re Bewegung Allg\u00e4u ihren gro\u00dfen Vorbildern des Mittelalters nacheifern und die \u201eReconquista\u201c planen. Was aber h\u00e4tten die damaligen Heroen zu dem traurigen Haufen aus sechs Rechten gesagt der bei dem kleinsten Anzeichen von Widerstand Hals \u00fcber Kopf die Flucht ergreift und dabei seine geheimen Schlachtpl\u00e4ne an den Feind verliert?<\/p>\n<p>Am Freitag, 17.2.2016 traf sich die selbsternannte Identit\u00e4re Bewegung Allg\u00e4u in einem Restaurant in Memmingen, um die R\u00fcckeroberung ihrer dem \u201egro\u00dfen Austausch\u201c zum Opfer fallenden geliebten Heimat zu planen. Doch auch die Gegner der Kreuzz\u00fcgler bekamen Wind von der Zusammenkunft und statteten den sechs Rechten etwa 2 Stunden nach Beginn der Zusammenkunft einen Besuch ab.<br \/>\n<!--more--><br \/>\nDie brauchten nur von au\u00dfen an die Scheibe des Lokals klopfen, den Stinkefinger erheben und einige Photos machen, um die Heimatk\u00e4mpfer in die Flucht zu schlagen. Statt der Feindkonfrontation mit einem durchdachten geordneten R\u00fcckzug geschickt auszuweichen, griff der Trupp nach Jacken und Taschen, lie\u00df die Polizei rufen und machte sich durch den Hinterausgang davon. Zur\u00fcck blieben statt heroischer Heldensagen die Pl\u00e4ne und Materialien der K\u00e4mpfer.<\/p>\n<p>Reconquista. Die R\u00fcckeroberung<\/p>\n<p>Die zur\u00fcckgelassenen Dokumente lassen tief blicken in die sonst \u00fcbertrieben durchgeplanten und autorit\u00e4r strukturierten Aktionen. Schon um ein l\u00e4ppisches Plakat zu kleben zeichnet der Spartaner von heute einen exakten Lageplan und stellt Wachposten mit Walkie-Talkies auf.<\/p>\n<p>Sogar das Verteilen von Flugbl\u00e4ttern, so schreibt es ein Dokument der Identit\u00e4ren Sommerakademie 2015 vor, muss genauestens von oben geplant werden. Es braucht einen Leiter, der mindestens drei Verteilern erkl\u00e4rt, was sie zu tun haben. Dazu braucht es \u2013 selbstverst\u00e4ndlich alle m\u00e4nnlich \u2013 Beobachter und Sicherheit. Der Beobachter soll sich auf Distanz halten und die Gruppe beobachten. Wenn er etwas komisch findet, soll er den Leiter benachrichtigen, der entscheidet, was weiter passiert.<\/p>\n<p>Anweisungen, wie Transparente und Flugbl\u00e4tter auszusehen haben, kommen von oben. Aus einer \u201enational Leitung\u201c. Dort muss auch, wenn eigene Materialien verwendet werden sollen, eine Erlaubnis eingeholt werden. Wer sich mehr von dem Schei\u00df reinziehen will, findet die zur\u00fcckgelassenen Dokumente und den Lageplan am Ende des Artikels.<\/p>\n<p>Scham und Scheitern<\/p>\n<p>Das wird nicht das erste Mal gewesen sein, dass wir euch H\u00e4ufchen Elend besucht haben. Ihr habt schon Recht, wenn ihr euch nicht traut, richtige Aktionen in der Region zu machen. Fahrt lieber weiter nach Stuttgart, hier erwartet euch nur Scham und Scheitern. Bleibt beim w\u00fchlen im M\u00fcll, aber passt auf, dass ihr nicht uns die Conatinerspots nehmt! Verpisst euch.<\/p>\n<p>Es gibt kein ruhiges Hinterland!<br \/>\nMake racists afraid again!<\/p><\/blockquote>\n<p><strong>Quelle<\/strong>: <a href=\"https:\/\/linksunten.indymedia.org\/de\/node\/204949\">Linksunten<\/a><\/p>\n","protected":false},"excerpt":{"rendered":"<p>Memmingen, 17. Februar 2017 Mit einem konspirativen Treffen wollte die vor kurzem gegr\u00fcndete Identit\u00e4re Bewegung Allg\u00e4u ihren gro\u00dfen Vorbildern des Mittelalters nacheifern und die \u201eReconquista\u201c planen. Was aber h\u00e4tten die damaligen Heroen zu dem traurigen Haufen aus sechs Rechten gesagt der bei dem kleinsten Anzeichen von Widerstand Hals \u00fcber Kopf die Flucht ergreift und dabei [&hellip;]<\/p>\n","protected":false},"author":12080,"featured_media":0,"comment_status":"closed","ping_status":"closed","sticky":false,"template":"","format":"standard","meta":{"footnotes":""},"categories":[2],"tags":[141],"class_list":["post-5723","post","type-post","status-publish","format-standard","hentry","category-de","tag-memmingen"],"_links":{"self":[{"href":"https:\/\/chronik.noblogs.org\/index.php?rest_route=\/wp\/v2\/posts\/5723","targetHints":{"allow":["GET"]}}],"collection":[{"href":"https:\/\/chronik.noblogs.org\/index.php?rest_route=\/wp\/v2\/posts"}],"about":[{"href":"https:\/\/chronik.noblogs.org\/index.php?rest_route=\/wp\/v2\/types\/post"}],"author":[{"embeddable":true,"href":"https:\/\/chronik.noblogs.org\/index.php?rest_route=\/wp\/v2\/users\/12080"}],"replies":[{"embeddable":true,"href":"https:\/\/chronik.noblogs.org\/index.php?rest_route=%2Fwp%2Fv2%2Fcomments&post=5723"}],"version-history":[{"count":0,"href":"https:\/\/chronik.noblogs.org\/index.php?rest_route=\/wp\/v2\/posts\/5723\/revisions"}],"wp:attachment":[{"href":"https:\/\/chronik.noblogs.org\/index.php?rest_route=%2Fwp%2Fv2%2Fmedia&parent=5723"}],"wp:term":[{"taxonomy":"category","embeddable":true,"href":"https:\/\/chronik.noblogs.org\/index.php?rest_route=%2Fwp%2Fv2%2Fcategories&post=5723"},{"taxonomy":"post_tag","embeddable":true,"href":"https:\/\/chronik.noblogs.org\/index.php?rest_route=%2Fwp%2Fv2%2Ftags&post=5723"}],"curies":[{"name":"wp","href":"https:\/\/api.w.org\/{rel}","templated":true}]}}