{"id":5721,"date":"2017-02-18T00:00:18","date_gmt":"2017-02-17T22:00:18","guid":{"rendered":"http:\/\/chronik.blackblogs.org\/?p=5721"},"modified":"2017-02-18T00:00:18","modified_gmt":"2017-02-17T22:00:18","slug":"feu-a-la-police-judiciaire","status":"publish","type":"post","link":"https:\/\/chronik.noblogs.org\/?p=5721","title":{"rendered":"Feu \u00e0 la police judiciaire"},"content":{"rendered":"<p><strong><a href=\"https:\/\/chronik.noblogs.org\/files\/2017\/02\/204290.jpg\"><img loading=\"lazy\" decoding=\"async\" class=\"alignright size-medium wp-image-5705\" src=\"https:\/\/chronik.noblogs.org\/files\/2017\/02\/204290-300x169.jpg\" alt=\"204290\" height=\"169\" width=\"300\" srcset=\"https:\/\/chronik.noblogs.org\/files\/2017\/02\/204290-300x169.jpg 300w, https:\/\/chronik.noblogs.org\/files\/2017\/02\/204290-768x432.jpg 768w, https:\/\/chronik.noblogs.org\/files\/2017\/02\/204290-1024x576.jpg 1024w\" sizes=\"auto, (max-width: 300px) 100vw, 300px\" \/><\/a>Berlin<\/strong>, 18. f<span class=\"submitted\">ebrero<\/span> 2017<\/p>\n<blockquote><p>Les 21 et 22 f\u00e9vrier se tiendra \u00e0 Berlin le congr\u00e8s europ\u00e9en de la police pour la vingti\u00e8me fois. A cette occasion, des va-t-en-guerre, des chasseurs d\u2019humains et des fanatiques de la s\u00e9curit\u00e9 se rencontreront au \u00ab Berlin Congress Center (BCC) \u00bb pour propager leurs machineries m\u00e9prisant la dignit\u00e9 humaine.<\/p>\n<p>En plus de Thomas de Maizi\u00e8re, le ministre de l\u2019int\u00e9rieur, Hans-Georg Maa\u00dfen, le pr\u00e9sident du bureau f\u00e9d\u00e9ral pour la protection de la constitution, des agents et des gardiens de l\u2019\u00c9tat de tous poils sont soutenus par \u2018Europol\u2019, \u2018Frontex\u2019, \u2018BKA\u2019 [1], \u2018LKA\u2019 [2] et tant d\u2019autres institutions. Mais aussi des membres de lobbys, des chefs d\u2019entreprise et des profiteurs de guerres comme les g\u00e9ants de l\u2019armement \u2018Heckler &amp; Koch\u2019, \u2018Taser\u2019, \u2018Rheinmetall\u2019, ainsi que des concepteurs de logiciels de surveillance et de technologies de communication tels que \u2018SAP\u2019, \u2018IBM\u2019 et \u2018Vodafone\u2019 y assisteront \u00e9galement.<br \/>\n<!--more--><br \/>\nSous le slogan \u00ab Europe sans fronti\u00e8res ? Libert\u00e9, mobilit\u00e9, s\u00e9curit\u00e9 \u00bb, les lignes de lutte \u00e0 venir \u00e0 travers lesquelles la domination se concr\u00e9tise vont \u00eatre discut\u00e9es et dans le m\u00eame temps technologies et armements seront mises sur la table.<\/p>\n<p>Mais des mots tels que \u00ab sans fronti\u00e8res, libert\u00e9 et mobilit\u00e9 \u00bb signifie avant tout ici la coop\u00e9ration transnationale des organes r\u00e9pressifs europ\u00e9ens, l\u2019\u00e9change de donn\u00e9es et de connaissances, la militarisation de l\u2019Europe et de ses fronti\u00e8res ext\u00e9rieures.<\/p>\n<p>Nous trouvons qu\u2019il y a une telle insolence dans cette rencontre et nous pensons : \u00ab ces porcs n\u2019ont pas \u00e0 faire \u00e7a !\u2026.Non \u00bb, pas moins que pour le sommet du G20 qui aura lieu \u00e0 Hambourg cet \u00e9t\u00e9.<\/p>\n<p>Les d\u00e9fenseurs de l\u2019existant et les responsables de cette mis\u00e8re qui r\u00e8gne n\u2019ont m\u00e9rit\u00e9 aucune estrade. C\u2019est pourquoi nous avons conspir\u00e9 contre le syst\u00e8me de fronti\u00e8res et de contr\u00f4le et attaqu\u00e9 le si\u00e8ge de la police judiciaire de la direction 6 avec deux engins incendiaires et un pneu.<\/p>\n<p>Pour tou.te.s celles et ceux qui sont s\u00e9par\u00e9.e.s de nous par des barri\u00e8res et des murs.<\/p>\n<p>Pour les centaines de milliers de personnes qui sont contraintes de risquer leurs vies aux fronti\u00e8res ext\u00e9rieures de l\u2019Europe.<\/p>\n<p>Pour les deux prisonnier.e.s anarchistes qui ont \u00e9t\u00e9 arr\u00eat\u00e9.e.s suite \u00e0 une op\u00e9ration commune de l\u2019Audiencia Nacional espagnol et de la direction r\u00e9gionale de la police judiciaire de Rh\u00e9nanie du Nord-Westphalie et qui passent en proc\u00e8s \u00e0 Aachen depuis le mois de janvier pour avoir braqu\u00e9 une banque en 2014.<\/p>\n<p>\/\/\/F\u00fcr Pola Roupa und Konstantina Athanasopoulou, die k\u00fcrzlich in Griechenland wegen ihrer Mitgliedschaft in der Gruppe Revolution\u00e4rer Kampf festgenommen wurden.\/\/\/<\/p>\n<p>Pour Gabriel Pombo da Silva, qui a \u00e9t\u00e9 une \u00e9ni\u00e8me fois arr\u00eat\u00e9 (provisoirement) fin janvier par les chiens de garde de l\u2019\u00c9tat espagnol et a \u00e9t\u00e9 confront\u00e9 aux accusations mont\u00e9es de toutes pi\u00e8ces de \u00ab commerce d\u2019armes et de munitions ill\u00e9gales \u00bb et de \u00ab fondation d\u2019un groupe arm\u00e9e \u00bb.<\/p>\n<p>Pour les r\u00e9volt\u00e9s de la banlieue parisienne qui, depuis plus d\u2019une semaine, prennent la rue contre les agressions racistes de la police.<\/p>\n<p>Feu et flammes \u00e0 la r\u00e9pression \u2013 A bas l\u2019Europe forteresse !<br \/>\nNous nous voyons \u00e0 Hambourg. Bye.<\/p>\n<p>Des anarchistes.<\/p>\n<p>A toutes les personnes int\u00e9ress\u00e9es, qui souhaiteraient envoyer des gestes affectifs aux entreprises et institutions qui participent au congr\u00e8s europ\u00e9en de la police :<\/p>\n<p>@-yet GmbH, 3M, Akutklinik Urbachtal, Alcatel-Lucent Enterprise, Basler, BMS \u2013 Broadcast Microwave Services, BONOWI International Police-Equipment GmbH, Bosch, Bundesdruckerei GmbH, BDK, Bundeskriminalamt (BKA), Bundesverband der Dolmetscher und \u00dcbersetzer e.V. (BD\u00dc), BDA \u2013 BerlinDataAnalytics, Busch PROtective, Canon, Capgemini, Cellebrite, Cognitec, CONTURN, CSC, Cyber Akademie, Daimler AG, Dallmeier, Data-Warehouse GmbH, DERMALOG Identification Systems GmbH, Deutsche Hochschule der Polizei, DigiFors GmbH, Disy Informationssysteme GmbH, Deutsche Polizeigewerkschaft DpolG, DVZ DATENVERARBEITUNGSZENTRUM, E.I.S. Aircraft GmbH, EFB-Elektronik GmbH, Ekin safe city technologies, Ericsson, Esri deutschland GmbH, eu-LISA, Eurocommand GmbH, Forum Vernetzte Sicherheit (FVS), futureLAB AG, Gauselmann AG, Gewerkschaft der Polizei (GdP), Heckler &amp; Koch, HELIOS Privatkliniken GmbH, HP Inc, Hytera Mobilfunk GmbH, IABG, IBM, Informations- und Bildungszentrum Schloss Gimborn (IBZ), IfmPt, INTERNATIONAL POLICE ASSOCIATION (IPA), Jenoptik, KRD Sicherheitstechnik, Kaspersky Lab, KEMAS, Kowa, KRIMINALISTIK, Microsoft Deutschland GmbH, MOBOTIX, Motorola Solutions, MSAB, NetApp, Panasonic Computer Product Solutions (CPS), PDV-Systeme GmbH, PLATH Group, RCS, Rheinmetall AG, Roadmetric, Rohde &amp; Schwarz Cybersecurity, rola Security Solutions GmbH, SAP, Sapite GmbH, Scheer E2E AG, Schmidt &amp; Bender GmbH &amp; Co, Sch\u00f6nhofer Sales and Engineering GmbH, Sciengines, Seccon Group, Stashcat, T3K-Forensics, Trivadis, Schelhorn OWiG Software GmbH, secunet, Sinc, Sita, Smartfrog, Sopra Steria, STOOF International, SVA System Vertrieb Alexander GmbH, Taser \u2013 Axon, TASSTA, Ulbrichts Protection, Unisys, Verseidag-Indutex GmbH, VIMTEC \u2013 FAST, Vites, VirtualSolution, Vitronic, Vodafone<\/p>\n<p>Notes de traduction :<\/p>\n<p>[1] Abr\u00e9viation de \u00ab Bundeskriminalamt \u00bb, que l\u2019on pourrait traduire par \u00ab Direction g\u00e9n\u00e9rale de la police judiciaire \u00bb<\/p>\n<p>[2] Abr\u00e9viation de \u00ab Landeskriminalamt \u00bb, que l\u2019on pourrait traduire par \u00ab Direction r\u00e9gionale de la police judiciaire \u00bb.<\/p><\/blockquote>\n<p><strong>Fuente<\/strong>: <a href=\"https:\/\/linksunten.indymedia.org\/es\/node\/204439\"><span class=\"submitted\">vozcomoarma.noblogs.org<\/span><\/a><\/p>\n<p>&nbsp;<\/p>\n\n\t\t\t<div id='gallery-5721-1' class='gallery gallery-5721'>\n\t\t\t\t<div class='gallery-row gallery-clear'>\n\t\t\t\t\t<dl class='gallery-item col-3'>\n\t\t\t\t\t\t<dt class='gallery-icon'><a href='https:\/\/chronik.noblogs.org\/files\/2017\/02\/204252.jpg'><img loading=\"lazy\" decoding=\"async\" width=\"150\" height=\"150\" src=\"https:\/\/chronik.noblogs.org\/files\/2017\/02\/204252-150x150.jpg\" class=\"attachment-thumbnail size-thumbnail\" alt=\"\" \/><\/a><\/dt>\n\t\t\t\t\t<\/dl>\n\t\t\t\t\t<dl class='gallery-item col-3'>\n\t\t\t\t\t\t<dt class='gallery-icon'><a href='https:\/\/chronik.noblogs.org\/files\/2017\/02\/204253.jpg'><img loading=\"lazy\" decoding=\"async\" width=\"150\" height=\"150\" src=\"https:\/\/chronik.noblogs.org\/files\/2017\/02\/204253-150x150.jpg\" class=\"attachment-thumbnail size-thumbnail\" alt=\"\" \/><\/a><\/dt>\n\t\t\t\t\t<\/dl>\n\t\t\t\t\t<dl class='gallery-item col-3'>\n\t\t\t\t\t\t<dt class='gallery-icon'><a href='https:\/\/chronik.noblogs.org\/files\/2017\/02\/204254.jpg'><img loading=\"lazy\" decoding=\"async\" width=\"150\" height=\"150\" src=\"https:\/\/chronik.noblogs.org\/files\/2017\/02\/204254-150x150.jpg\" class=\"attachment-thumbnail size-thumbnail\" alt=\"\" \/><\/a><\/dt>\n\t\t\t\t\t<\/dl>\n\t\t\t\t<\/div>\n\t\t\t<\/div><!-- .gallery -->\n\n","protected":false},"excerpt":{"rendered":"<p>Berlin, 18. febrero 2017 Les 21 et 22 f\u00e9vrier se tiendra \u00e0 Berlin le congr\u00e8s europ\u00e9en de la police pour la vingti\u00e8me fois. A cette occasion, des va-t-en-guerre, des chasseurs d\u2019humains et des fanatiques de la s\u00e9curit\u00e9 se rencontreront au \u00ab Berlin Congress Center (BCC) \u00bb pour propager leurs machineries m\u00e9prisant la dignit\u00e9 humaine. En [&hellip;]<\/p>\n","protected":false},"author":12080,"featured_media":0,"comment_status":"closed","ping_status":"closed","sticky":false,"template":"","format":"standard","meta":{"footnotes":""},"categories":[5],"tags":[24],"class_list":["post-5721","post","type-post","status-publish","format-standard","hentry","category-fr","tag-berlin"],"_links":{"self":[{"href":"https:\/\/chronik.noblogs.org\/index.php?rest_route=\/wp\/v2\/posts\/5721","targetHints":{"allow":["GET"]}}],"collection":[{"href":"https:\/\/chronik.noblogs.org\/index.php?rest_route=\/wp\/v2\/posts"}],"about":[{"href":"https:\/\/chronik.noblogs.org\/index.php?rest_route=\/wp\/v2\/types\/post"}],"author":[{"embeddable":true,"href":"https:\/\/chronik.noblogs.org\/index.php?rest_route=\/wp\/v2\/users\/12080"}],"replies":[{"embeddable":true,"href":"https:\/\/chronik.noblogs.org\/index.php?rest_route=%2Fwp%2Fv2%2Fcomments&post=5721"}],"version-history":[{"count":0,"href":"https:\/\/chronik.noblogs.org\/index.php?rest_route=\/wp\/v2\/posts\/5721\/revisions"}],"wp:attachment":[{"href":"https:\/\/chronik.noblogs.org\/index.php?rest_route=%2Fwp%2Fv2%2Fmedia&parent=5721"}],"wp:term":[{"taxonomy":"category","embeddable":true,"href":"https:\/\/chronik.noblogs.org\/index.php?rest_route=%2Fwp%2Fv2%2Fcategories&post=5721"},{"taxonomy":"post_tag","embeddable":true,"href":"https:\/\/chronik.noblogs.org\/index.php?rest_route=%2Fwp%2Fv2%2Ftags&post=5721"}],"curies":[{"name":"wp","href":"https:\/\/api.w.org\/{rel}","templated":true}]}}