{"id":5644,"date":"2017-01-26T00:00:34","date_gmt":"2017-01-25T22:00:34","guid":{"rendered":"http:\/\/chronik.blackblogs.org\/?p=5644"},"modified":"2017-01-26T00:00:34","modified_gmt":"2017-01-25T22:00:34","slug":"feueralarm-gegen-bundeswehrveranstaltung","status":"publish","type":"post","link":"https:\/\/chronik.noblogs.org\/?p=5644","title":{"rendered":"Feueralarm gegen Bundeswehrveranstaltung"},"content":{"rendered":"<p><strong><a href=\"https:\/\/chronik.noblogs.org\/files\/2017\/02\/202356.jpg\"><img loading=\"lazy\" decoding=\"async\" class=\"alignright size-medium wp-image-5645\" src=\"https:\/\/chronik.noblogs.org\/files\/2017\/02\/202356-209x300.jpg\" alt=\"202356\" width=\"209\" height=\"300\" srcset=\"https:\/\/chronik.noblogs.org\/files\/2017\/02\/202356-209x300.jpg 209w, https:\/\/chronik.noblogs.org\/files\/2017\/02\/202356.jpg 630w\" sizes=\"auto, (max-width: 209px) 100vw, 209px\" \/><\/a>Frankfurt (Oder)<\/strong>, <span class=\"submitted\">26. Januar 2017<\/span><\/p>\n<blockquote><p>Am 26.01.2017 haben wir eine Bundeswehrwerbeveranstaltung am Konrad-Wachsmann-Oberstufenzentrum in Frankfurt (Oder) gest\u00f6rt. Dazu haben wir einen Rauchtopf im Schulflur gez\u00fcndet, durch welchen der Feueralarm ausgel\u00f6st wurde. Wir verfolgten damit das Ziel, einen Abbruch der Veranstaltung herbeizuf\u00fchren. Dies ist uns zeitweise gelungen.<\/p>\n<p>Wir wollen die Militarisierung unserer Gesellschaft, insbesondere unserer Sch\u00fcler*innen, nicht einfach so hinnehmen. Wir sprechen uns gegen das Mittel der Kriegsf\u00fchrung und Nachwuchsrekrutierung zur Verteidigung staatlicher Interessen aus. Als einer der gr\u00f6\u00dften Waffen- und R\u00fcstungsexporteure ausgedienten Kriegsger\u00e4ts nimmt Deutschland zudem eine entscheidende Rolle in der internationalen Kriegsf\u00fchrung ein. Damit ist der deutsche Staat mitverantwortlich f\u00fcr die Unterst\u00fctzung blutiger B\u00fcrgerkriege quer \u00fcber den Erdball, deren Folgen Armut und Elend sind. Die Bundeswehr als direkter Nachfolger der Wehrmacht nimmt zudem eine besondere Rolle im Vergleich zu Armeen anderer Nationen ein. Die Pflege nationalistisch-militaristischer Traditionen geh\u00f6rt auch heute noch zum Repertoire kruden Heldengedenkens. Das bekannteste Beispiel ist wohl das allj\u00e4hrliche Gedenken der Gebirgsj\u00e4gertruppen im oberbayerischen Mittenwald, an dem jedes Jahr auch ehemalige Wehrmachtsoldaten teilnahmen.<br \/>\n<!--more--><br \/>\nDie Bundeswehr ist au\u00dferdem eine Institution, die ebenso wie alle anderen milit\u00e4risch-staatlichen Organisationen, patriachale Werte verk\u00f6rpert. Die Organisationsstruktur der Bundeswehr gr\u00fcndet sich in erster Linie auf Drill, Gehorsam und Unterordnung. Dies widerspricht der auf scheinbar demokratischen Werten basierenden freiheitlich demokratischen Grundordnung. Ganz zu schweigen von den k\u00f6rperlichen und psychischen Folgen wie beispielsweise physische Beeintr\u00e4chtigungen oder postraummatischen Belastungsst\u00f6rungen, unter denen Kriegsr\u00fcckkehrer*innen vielfach leiden. Von solchen Verletzungen ist in den Hochglanzwerbekampagnien der Bundeswehr nat\u00fcrlich nicht die Rede. F\u00fcr uns ist allerdings klar: Milit\u00e4rdienst hei\u00dft \u2013 T\u00f6ten und get\u00f6tet werden.<\/p>\n<p>Die Bundeswehr versucht ihre Reihen zu f\u00fcllen und dabei von der Perspektivlosigkeit zu profitieren, der vor allem junge Menschen oft ausgesetzt sind. Sie k\u00f6dert mit dem Versprechen eines sicheren Jobs, eines Studiums und einer langj\u00e4hrigen Laufbahn. Wer sich f\u00fcr eine solche Karriere entscheidet unterwirft sich jedoch einem menschenunw\u00fcrdigen Drill und muss sich staatlichen- und Kapitalinteressen bedingungslos unterordnen. Militarismus und Krieg sind mit einer emanzipatorischen, gleichberechtigten und solidarischen Vision von Gesellschaft unvereinbar.<\/p>\n<p>Krieg dem Krieg. Unser Kampf wird erst dann enden, wenn die Bundeswehr aus Schulen und der \u00d6ffentlichkeit verschwindet.<\/p>\n<p>Gruppe M\u00fc\u00dfiggang<\/p><\/blockquote>\n<p><strong>Quelle<\/strong>: <a href=\"https:\/\/linksunten.indymedia.org\/en\/node\/202119\">Linksunten<\/a><\/p>\n<p>&nbsp;<\/p>\n<p>&nbsp;<\/p>\n<p>Presse:<\/p>\n<p><strong>M\u00e4rkische Online Zeitung<\/strong>: <a href=\"https:\/\/linksunten.indymedia.org\/en\/node\/202355\">Ermittlungen nach Rauch-Attacke<\/a><\/p>\n","protected":false},"excerpt":{"rendered":"<p>Frankfurt (Oder), 26. Januar 2017 Am 26.01.2017 haben wir eine Bundeswehrwerbeveranstaltung am Konrad-Wachsmann-Oberstufenzentrum in Frankfurt (Oder) gest\u00f6rt. Dazu haben wir einen Rauchtopf im Schulflur gez\u00fcndet, durch welchen der Feueralarm ausgel\u00f6st wurde. Wir verfolgten damit das Ziel, einen Abbruch der Veranstaltung herbeizuf\u00fchren. Dies ist uns zeitweise gelungen. Wir wollen die Militarisierung unserer Gesellschaft, insbesondere unserer Sch\u00fcler*innen, [&hellip;]<\/p>\n","protected":false},"author":12080,"featured_media":0,"comment_status":"closed","ping_status":"closed","sticky":false,"template":"","format":"standard","meta":{"footnotes":""},"categories":[2],"tags":[67],"class_list":["post-5644","post","type-post","status-publish","format-standard","hentry","category-de","tag-frankfurt-oder"],"_links":{"self":[{"href":"https:\/\/chronik.noblogs.org\/index.php?rest_route=\/wp\/v2\/posts\/5644","targetHints":{"allow":["GET"]}}],"collection":[{"href":"https:\/\/chronik.noblogs.org\/index.php?rest_route=\/wp\/v2\/posts"}],"about":[{"href":"https:\/\/chronik.noblogs.org\/index.php?rest_route=\/wp\/v2\/types\/post"}],"author":[{"embeddable":true,"href":"https:\/\/chronik.noblogs.org\/index.php?rest_route=\/wp\/v2\/users\/12080"}],"replies":[{"embeddable":true,"href":"https:\/\/chronik.noblogs.org\/index.php?rest_route=%2Fwp%2Fv2%2Fcomments&post=5644"}],"version-history":[{"count":0,"href":"https:\/\/chronik.noblogs.org\/index.php?rest_route=\/wp\/v2\/posts\/5644\/revisions"}],"wp:attachment":[{"href":"https:\/\/chronik.noblogs.org\/index.php?rest_route=%2Fwp%2Fv2%2Fmedia&parent=5644"}],"wp:term":[{"taxonomy":"category","embeddable":true,"href":"https:\/\/chronik.noblogs.org\/index.php?rest_route=%2Fwp%2Fv2%2Fcategories&post=5644"},{"taxonomy":"post_tag","embeddable":true,"href":"https:\/\/chronik.noblogs.org\/index.php?rest_route=%2Fwp%2Fv2%2Ftags&post=5644"}],"curies":[{"name":"wp","href":"https:\/\/api.w.org\/{rel}","templated":true}]}}