{"id":5559,"date":"2016-12-25T00:00:35","date_gmt":"2016-12-24T22:00:35","guid":{"rendered":"http:\/\/chronik.blackblogs.org\/?p=5559"},"modified":"2016-12-25T00:00:35","modified_gmt":"2016-12-24T22:00:35","slug":"fuoco-allufficio-per-lordine-di-steglitz","status":"publish","type":"post","link":"https:\/\/chronik.noblogs.org\/?p=5559","title":{"rendered":"Fuoco all&#8217;ufficio per l&#8217;ordine di Steglitz"},"content":{"rendered":"<p><strong>Berlin (Berlino)<\/strong>, 25 dicembre 2016<\/p>\n<blockquote><p>Il 25 dicembre abbiamo acceso un fuoco sotto il container dell&#8217;ufficio per l&#8217;ordine a Berlino Steglitz. Causa lavori edili sul terreno dell&#8217;amministrazione, gli sbirri ausiliari sono per ora sistemati nei container per uffici. Quest&#8217;azione fu ispirata da un attacco sul container degli sbirri ad Amburgo Rissen.<br \/>\n<!--more--><br \/>\nChe il nuovo clown sul seggio del senatore degli interni, al contrario del suo predecessore che faceva pubblicare ogni lineetta di gesso, ordina di tacere questo attacco non ci ci dispiace affatto. Che il monopolio dell&#8217;informazione cos\u00ec applicato contro di noi pu\u00f2 avere degli effetti sui discorsi nella scena della resistenza radicale sembra piuttosto dubbio visto il basso livello teorico anarchico nell&#8217;area linguistica tedesca. Tuttavia vogliamo pronunciarci sui nostri motivi per questo attacco.<\/p>\n<p>Gli \u201cspazi fuorilegge\u201d desiderati da alcunx per Friedrichshain devono o corrispondere a un vero bisogno di perlomeno una parte dex abitanti, oppure a una perdita perlomeno iniziale di potere degli organi di Stato. Ambedue le cose sono, per ora e a Berlino, lungi dall&#8217;essere. Ovvio che ci sono dei quartieri dove la gioia silente quando gli sbirri subiscono degli attacchi \u00e8 pi\u00f9 grande di altrove. Ma la partecipazione a tali attacchi non \u00e8 abbastanza forte. Questa lacuna fu provocata da un annoso auto-isolamento e perseguimento incoerente d&#8217;obiettivi e di un nuovo adagiarsi nella societ\u00e0. Ma \u00e8 da presumere che il fattore principale sia il vuoto di contenuti che come un tappeto di alghe nel mare ora va a fondo e poi sale in superficie.<\/p>\n<p>Nel contempo lx radicali di sinistra oppure i gruppi antifa non sono pi\u00f9 dispostx alla creazione militante di punti centrali. N\u00e9 si ripuliscono i quartieri radicalmente dai nazi n\u00e9 si costruiscono delle strutture clandestine con i mezzi per la propaganda e la pratica utili alle persone che ne hanno bisogno. Ecco perch\u00e9 ci sembra adeguato attaccare il nemico dove \u00e8 debole. Mentre i gorilla girano nella citt\u00e0 sbavando per l&#8217;ordine, terrorizzando i gruppi emarginati e chiedendo dei soldi per ogni gomma da masticare gettata sul marciapiede, noi li abbiamo visitati.<\/p>\n<p>A Steglitz gran parte della gente non avr\u00e0 nessun problema con l&#8217;ufficio per l&#8217;ordine, ma anche qui esistono \u201cgruppi e ambienti difficili\u201d ai quali il nostro piccolo fuoco strapper\u00e0 perlomeno un debole sorriso. E se cos\u00ec non fosse abbiamo fatto un dono alla vostra festa dell&#8217;ipocrisia.<\/p>\n<p>La nostra agitazione non \u00e8 orientata su di una focalizzazione ai punti localmente importanti e nemmeno alle situazioni attuali, ma ai nostri obiettivi politici. L&#8217;ordine che viene mantenuto \u00e8 presente ovunque e porta ubbidienza e schiavit\u00f9 alle persone, perci\u00f2 \u00e8 anzitutto l&#8217;ordine sociale\u00a0 a contrariarci.<\/p>\n<p>Con quest&#8217;attacco appoggiamo gli obiettivi formulati in alcuni scritti di una campagna contro il G20 di Amburgo, campagna che non vuole rimanere passeggera ma fornire un&#8217;eruzione diffusa e durevole alla rabbia contro l&#8217;ordine costituito, che vada oltre le tematiche e le frontiere particolari.<\/p>\n<p>Ma per un aumento dell&#8217;attivit\u00e0 di sabotaggio \u00e8 anzitutto necessario l&#8217;allargamento dello scontro aperto sulle strade contro le forze del regime. Sulla strada per Amburgo nel mese di luglio ci vogliono pi\u00f9 scontri di quanto ce ne sono ora.<\/p>\n<p>Ecco perch\u00e9 i nostri saluti speciali vanno anche ax prigionierx degli scontri dell&#8217;anno passato, a Thunfisch nella galera di Lichtenberg e a Damien nella galera di Fleury-M\u00e9rogis.<\/p>\n<p>Gruppi autonomi<\/p><\/blockquote>\n<p><strong>Fonte<\/strong>: <a href=\"https:\/\/linksunten.indymedia.org\/de\/node\/203647\">Linksunten<\/a><\/p>\n","protected":false},"excerpt":{"rendered":"<p>Berlin (Berlino), 25 dicembre 2016 Il 25 dicembre abbiamo acceso un fuoco sotto il container dell&#8217;ufficio per l&#8217;ordine a Berlino Steglitz. Causa lavori edili sul terreno dell&#8217;amministrazione, gli sbirri ausiliari sono per ora sistemati nei container per uffici. Quest&#8217;azione fu ispirata da un attacco sul container degli sbirri ad Amburgo Rissen.<\/p>\n","protected":false},"author":12080,"featured_media":0,"comment_status":"closed","ping_status":"closed","sticky":false,"template":"","format":"standard","meta":{"footnotes":""},"categories":[6],"tags":[24],"class_list":["post-5559","post","type-post","status-publish","format-standard","hentry","category-it","tag-berlin"],"_links":{"self":[{"href":"https:\/\/chronik.noblogs.org\/index.php?rest_route=\/wp\/v2\/posts\/5559","targetHints":{"allow":["GET"]}}],"collection":[{"href":"https:\/\/chronik.noblogs.org\/index.php?rest_route=\/wp\/v2\/posts"}],"about":[{"href":"https:\/\/chronik.noblogs.org\/index.php?rest_route=\/wp\/v2\/types\/post"}],"author":[{"embeddable":true,"href":"https:\/\/chronik.noblogs.org\/index.php?rest_route=\/wp\/v2\/users\/12080"}],"replies":[{"embeddable":true,"href":"https:\/\/chronik.noblogs.org\/index.php?rest_route=%2Fwp%2Fv2%2Fcomments&post=5559"}],"version-history":[{"count":0,"href":"https:\/\/chronik.noblogs.org\/index.php?rest_route=\/wp\/v2\/posts\/5559\/revisions"}],"wp:attachment":[{"href":"https:\/\/chronik.noblogs.org\/index.php?rest_route=%2Fwp%2Fv2%2Fmedia&parent=5559"}],"wp:term":[{"taxonomy":"category","embeddable":true,"href":"https:\/\/chronik.noblogs.org\/index.php?rest_route=%2Fwp%2Fv2%2Fcategories&post=5559"},{"taxonomy":"post_tag","embeddable":true,"href":"https:\/\/chronik.noblogs.org\/index.php?rest_route=%2Fwp%2Fv2%2Ftags&post=5559"}],"curies":[{"name":"wp","href":"https:\/\/api.w.org\/{rel}","templated":true}]}}