{"id":5555,"date":"2016-12-25T00:00:35","date_gmt":"2016-12-24T22:00:35","guid":{"rendered":"http:\/\/chronik.blackblogs.org\/?p=5555"},"modified":"2016-12-25T00:00:35","modified_gmt":"2016-12-24T22:00:35","slug":"vernice-a-centrale-rwe-2","status":"publish","type":"post","link":"https:\/\/chronik.noblogs.org\/?p=5555","title":{"rendered":"Vernice a centrale RWE"},"content":{"rendered":"<p><strong><a href=\"https:\/\/chronik.noblogs.org\/files\/2017\/01\/200111.jpg\"><img loading=\"lazy\" decoding=\"async\" class=\"alignright size-medium wp-image-5310\" src=\"https:\/\/chronik.noblogs.org\/files\/2017\/01\/200111-300x169.jpg\" alt=\"200111\" width=\"300\" height=\"169\" srcset=\"https:\/\/chronik.noblogs.org\/files\/2017\/01\/200111-300x169.jpg 300w, https:\/\/chronik.noblogs.org\/files\/2017\/01\/200111-768x432.jpg 768w, https:\/\/chronik.noblogs.org\/files\/2017\/01\/200111.jpg 993w\" sizes=\"auto, (max-width: 300px) 100vw, 300px\" \/><\/a>Essen<\/strong>,\u00a025 dicembre 2016<\/p>\n<blockquote><p>Nella notte al 1. giorno di natale, alcunx attivistx abbellirono di vernice la torre RWE di Essen scrivendo slogan tipo \u201cFuck RWE\u201d, \u201cEarth Liberation Front\u201d e \u201cHambi rimane\u201d e versando dei secchi di vernice nell&#8217;entrata. L&#8217;azione \u00e8 una delle tante nel contesto dei lavori di abbattimento d&#8217;alberi attorno alla foresta di Hambach occupata dal 2012 da attivistx ambientali. Ecco alcune parole di questo gruppo d&#8217;azione e il resoconto di una delle persone arrestate.<br \/>\n<!--more--><br \/>\n\u201c(&#8230;) non c&#8217;\u00e8 secchio di vernice grande abbastanza per coprire le malefatte di RWE, ma ogni chiazza vale per marcare lo sfruttamento e la distruzione della natura. Perci\u00f2 nella notte dal 24 al 25 dicembre abbiamo marcato la centrale RWE.<\/p>\n<p>Quest&#8217;azione diretta colpiva tuttavia solo un&#8217;impresa ma la nostra azione \u00e8 diretta contro il capitalismo e l&#8217;ordine dominante in generale.<\/p>\n<p>In questo periodo delle notti pi\u00f9 lunghe e in cui la societ\u00e0 s&#8217;abbandona al consumo pi\u00f9 becero, abbiamo deciso di dare un segnale e di contrastare questa logica della massimizzazione del profitto e della massa in letargo.<br \/>\nCome gruppo d&#8217;azione \u201cBloody Bastards\u201d giravamo per le strade di Essen e con successo\u00a0 attaccammo la torre RWE.<br \/>\nL&#8217;alta presenza di polizia per gli attentati e il terrore contro i mercati natalizi causava l&#8217;arresto di persone che presumevano essere nei pressi del luogo dell&#8217;azione. Pare che la polizia era sul posto pochi minuti dopo con tanto di volanti, furgoni e cani.<\/p>\n<p>Se queste persone sono davvero lx dettx attivistx o meno non \u00e8 certo.<br \/>\n(\u2026)<br \/>\nChiaro \u00e8 che tuttx sono di nuovo liberx e che attendiamo con grande gioia i futuri termini dei tribunali poich\u00e9 sar\u00e0 un&#8217;altra possibilit\u00e0 per attaccare pubblicamente RWE e tematizzare le sue malefatte!<br \/>\nFino allora ci auguriamo molto coraggio e altre azioni!<\/p>\n<p>Solidariet\u00e0 con la foresta di Hambach e a tutte le altre ZAD dove le persone lottano per un futuro migliore.<br \/>\nAmore e forza a tuttx lx prigionierx politicx e libert\u00e0 per Thunfisch!<\/p>\n<p>Viva la ELF<br \/>\n-The Bloody Bastards\u201d<\/p>\n<p>Una delle persone arrestate racconta di maltrattamenti e di violenza sproporzionata:\u00a8\u201dDopo l&#8217;arresto un agente quando ero nella volante con le manette dietro la schiena mi schiacci\u00f2 l&#8217;arteria principale facendomi svenire per poco tempo. (\u2026) In caserma mi pestarono, trascinarono gi\u00f9\u00a0 per le scale con la presa alla gola, fui alzato tirandomi su per le orecchie e nella cella tre sbirri mi strapparono i vestiti mentre ero schiacciato sul suolo con le manette dietro la schiena. Dopo 8-9 ore fui buttato sulla strada senza pantaloni e giacca (&#8230;)\u201d<\/p>\n<p>Stampa:<br \/>\nhttp:\/\/www.anc-newswire.de\/2016\/12\/farbanschlag-auf-rwe-zentrale.html<br \/>\nbild.de\/regional\/ruhrgebiet\/essen\/farbanschlag-auf-rwe-tower-49478452.bild.html<br \/>\nPolizia: Presseportal.de\/blaulicht\/pm\/11562\/3520539<\/p><\/blockquote>\n<p><strong>Fonte<\/strong>: <a href=\"https:\/\/linksunten.indymedia.org\/de\/node\/200107\">Linksunten,mc<\/a><\/p>\n","protected":false},"excerpt":{"rendered":"<p>Essen,\u00a025 dicembre 2016 Nella notte al 1. giorno di natale, alcunx attivistx abbellirono di vernice la torre RWE di Essen scrivendo slogan tipo \u201cFuck RWE\u201d, \u201cEarth Liberation Front\u201d e \u201cHambi rimane\u201d e versando dei secchi di vernice nell&#8217;entrata. L&#8217;azione \u00e8 una delle tante nel contesto dei lavori di abbattimento d&#8217;alberi attorno alla foresta di Hambach [&hellip;]<\/p>\n","protected":false},"author":12080,"featured_media":0,"comment_status":"closed","ping_status":"closed","sticky":false,"template":"","format":"standard","meta":{"footnotes":""},"categories":[6],"tags":[63],"class_list":["post-5555","post","type-post","status-publish","format-standard","hentry","category-it","tag-essen"],"_links":{"self":[{"href":"https:\/\/chronik.noblogs.org\/index.php?rest_route=\/wp\/v2\/posts\/5555","targetHints":{"allow":["GET"]}}],"collection":[{"href":"https:\/\/chronik.noblogs.org\/index.php?rest_route=\/wp\/v2\/posts"}],"about":[{"href":"https:\/\/chronik.noblogs.org\/index.php?rest_route=\/wp\/v2\/types\/post"}],"author":[{"embeddable":true,"href":"https:\/\/chronik.noblogs.org\/index.php?rest_route=\/wp\/v2\/users\/12080"}],"replies":[{"embeddable":true,"href":"https:\/\/chronik.noblogs.org\/index.php?rest_route=%2Fwp%2Fv2%2Fcomments&post=5555"}],"version-history":[{"count":0,"href":"https:\/\/chronik.noblogs.org\/index.php?rest_route=\/wp\/v2\/posts\/5555\/revisions"}],"wp:attachment":[{"href":"https:\/\/chronik.noblogs.org\/index.php?rest_route=%2Fwp%2Fv2%2Fmedia&parent=5555"}],"wp:term":[{"taxonomy":"category","embeddable":true,"href":"https:\/\/chronik.noblogs.org\/index.php?rest_route=%2Fwp%2Fv2%2Fcategories&post=5555"},{"taxonomy":"post_tag","embeddable":true,"href":"https:\/\/chronik.noblogs.org\/index.php?rest_route=%2Fwp%2Fv2%2Ftags&post=5555"}],"curies":[{"name":"wp","href":"https:\/\/api.w.org\/{rel}","templated":true}]}}