{"id":5553,"date":"2016-12-25T00:00:39","date_gmt":"2016-12-24T22:00:39","guid":{"rendered":"http:\/\/chronik.blackblogs.org\/?p=5553"},"modified":"2016-12-25T00:00:39","modified_gmt":"2016-12-24T22:00:39","slug":"danni-a-auto-e-facciata-di-razzisti","status":"publish","type":"post","link":"https:\/\/chronik.noblogs.org\/?p=5553","title":{"rendered":"Danni a auto e facciata di razzisti"},"content":{"rendered":"<p><strong><a href=\"https:\/\/chronik.blackblogs.org\/wp-content\/uploads\/sites\/109\/2016\/12\/199992.jpg\"><img loading=\"lazy\" decoding=\"async\" class=\"alignright size-medium wp-image-5251\" src=\"https:\/\/chronik.blackblogs.org\/wp-content\/uploads\/sites\/109\/2016\/12\/199992-169x300.jpg\" alt=\"199992\" width=\"169\" height=\"300\" \/><\/a>F\u00fcrth\/N\u00fcrnberg<\/strong>, 25 dicembre 2016<\/p>\n<blockquote><p>A F\u00fcrth\/N\u00fcrnberg marcati e visite agli indirizzi privati di razzisti locali. In via \u2026 a F\u00fcrth, danneggiata auto di Gernot Tegetmeyer (Pegida), a N\u00fcrnberg in via Hardenbergstra\u00dfe 24 danneggiata auto di Alexander P\u00f6schl (Die Rechte) e in via Heidenheimer Stra\u00dfe 56 cambiati i connotati della facciata della casa di Erhard Wenk (AfD).<\/p>\n<p>L&#8217;ex sbirro Tegetmeyer passa la sua vita girando nella RFT per predicare le pi\u00f9 crude teorie della cospirazione e un razzismo molto aggressivo in iniziative di destra. Il suo output in rete non si pu\u00f2 non notare ed eccelle con l&#8217;ottusit\u00e0 dei suoi slogan d&#8217;odio. Come capo di Pegida locale, nei suoi post si sente anzitutto la frustrazione per il fatto che il \u201cmovimento\u201d non ce l&#8217;ha mai fatta a radicarsi davvero e a portare i piazza lx razzistx (che in Baviera si sentiranno abbastanza rappresentatx dalla CSU) poich\u00e9 le frequenti manifestazioni non contano mai pi\u00f9 di 50 persone.<br \/>\n<!--more--><br \/>\nAlexander P\u00f6schl \u00e8 membro attivo del partitino \u201cDie Rechte\u201d e partecipa alle iniziative del gruppo. Per lx contromanifestanti queste frequenti manifestazioni hanno carattere piuttosto voyeuristico poich\u00e9 i pochi nazi (raramente pi\u00f9 di dieci) eccellono con gli schiamazzi da ubriachi, saluti Hitler e slogan dai contenuti confusi. Con queste presentazioni in pubblico tentano per\u00f2 di sfruttare la pressione sociale verso destra e aizzano contro profughx e tutto quel che ritengono \u201cstraniero\u201d.<\/p>\n<p>Erhard Wenk \u00e8 membro direttivo dell&#8217;associazione locale AfD. Che con una comunicazione sempliciotta, l&#8217;aizzamento e menzogne nude e crude s&#8217;impegna molto per diventare punto di convergenza per chi pensa che la CDU sia tuttora poco pragmatica, diventando cos\u00ec sempre di pi\u00f9 bacino di raccolta per nazi d&#8217;ogni tipo. Una pot-pourri del pensiero di destra si pu\u00f2 ammirare nei commentari sull&#8217;attentato alla casa di schiera di Wenk \u2013 ce n&#8217;\u00e8 per tuttx, dalle fantasie assassine fino agli appelli tipo \u201cespulsione!!\u201d e la minimizzazione dell&#8217;olocausto.<\/p>\n<p>Contro il razzismo e gli intrighi di destra.<\/p><\/blockquote>\n<p><strong>Fonte<\/strong>: <a href=\"https:\/\/linksunten.indymedia.org\/en\/node\/199982\">Linksunten,mc<\/a><\/p>\n","protected":false},"excerpt":{"rendered":"<p>F\u00fcrth\/N\u00fcrnberg, 25 dicembre 2016 A F\u00fcrth\/N\u00fcrnberg marcati e visite agli indirizzi privati di razzisti locali. In via \u2026 a F\u00fcrth, danneggiata auto di Gernot Tegetmeyer (Pegida), a N\u00fcrnberg in via Hardenbergstra\u00dfe 24 danneggiata auto di Alexander P\u00f6schl (Die Rechte) e in via Heidenheimer Stra\u00dfe 56 cambiati i connotati della facciata della casa di Erhard Wenk [&hellip;]<\/p>\n","protected":false},"author":12080,"featured_media":0,"comment_status":"closed","ping_status":"closed","sticky":false,"template":"","format":"standard","meta":{"footnotes":""},"categories":[6],"tags":[64,146],"class_list":["post-5553","post","type-post","status-publish","format-standard","hentry","category-it","tag-fuerth","tag-nuernberg"],"_links":{"self":[{"href":"https:\/\/chronik.noblogs.org\/index.php?rest_route=\/wp\/v2\/posts\/5553","targetHints":{"allow":["GET"]}}],"collection":[{"href":"https:\/\/chronik.noblogs.org\/index.php?rest_route=\/wp\/v2\/posts"}],"about":[{"href":"https:\/\/chronik.noblogs.org\/index.php?rest_route=\/wp\/v2\/types\/post"}],"author":[{"embeddable":true,"href":"https:\/\/chronik.noblogs.org\/index.php?rest_route=\/wp\/v2\/users\/12080"}],"replies":[{"embeddable":true,"href":"https:\/\/chronik.noblogs.org\/index.php?rest_route=%2Fwp%2Fv2%2Fcomments&post=5553"}],"version-history":[{"count":0,"href":"https:\/\/chronik.noblogs.org\/index.php?rest_route=\/wp\/v2\/posts\/5553\/revisions"}],"wp:attachment":[{"href":"https:\/\/chronik.noblogs.org\/index.php?rest_route=%2Fwp%2Fv2%2Fmedia&parent=5553"}],"wp:term":[{"taxonomy":"category","embeddable":true,"href":"https:\/\/chronik.noblogs.org\/index.php?rest_route=%2Fwp%2Fv2%2Fcategories&post=5553"},{"taxonomy":"post_tag","embeddable":true,"href":"https:\/\/chronik.noblogs.org\/index.php?rest_route=%2Fwp%2Fv2%2Ftags&post=5553"}],"curies":[{"name":"wp","href":"https:\/\/api.w.org\/{rel}","templated":true}]}}