{"id":5489,"date":"2016-12-29T00:00:10","date_gmt":"2016-12-28T22:00:10","guid":{"rendered":"http:\/\/chronik.blackblogs.org\/?p=5489"},"modified":"2016-12-29T00:00:10","modified_gmt":"2016-12-28T22:00:10","slug":"steine-und-farbe-gegen-sozialbuergerhaus","status":"publish","type":"post","link":"https:\/\/chronik.noblogs.org\/?p=5489","title":{"rendered":"Steine und Farbe gegen \u201eSozialb\u00fcrgerhaus\u201c"},"content":{"rendered":"<p><strong>M\u00fcnchen<\/strong>, 29. Dezember 2016<\/p>\n<blockquote><p>Steine und Farbe 29.12.: Im grauen Neubau-Parkviertel-Giesing wird das \u201eSozialb\u00fcrgerhaus\u201c von einem Mob an Leuten mit Steinen und mit Farbe gef\u00fcllten Christbaumkugeln angegriffen \u2013 der Schaden 10.000 Euro. W\u00e4hrend die Medien einen Bezug zu \u201eRechtsextremen\u201c machen, weil im September 2015 mal irgendwo im Kaff eine mit brauner Farbe gef\u00fcllte Christbaumkugel auf eine Moschee geworfen wurde (journalistische Glanzleistung!), sollte nicht vergessen werden, dass sich unter dem Deckmantel des \u201eSozialb\u00fcrgerhauses\u201c das Jobcenter verbirgt. Wer sich dieser Welt der Ausbeutung und Schufterei nicht anpassen will oder kann, wird hier von B\u00fcrokraten gedem\u00fctigt und mit der Androhung von K\u00fcrzungen zur Unterwerfung gezwungen. Es d\u00fcrfte also so einige Menschen geben, die Gr\u00fcnde genug haben, um die Fassade eines \u201eSozial\u201cB\u00fcrgerhauses einst\u00fcrzen zu lassen!<\/p><\/blockquote>\n<p><strong>Quelle<\/strong>: <a href=\"https:\/\/fernweh.noblogs.org\/files\/2017\/02\/Fernweh_24.pdf\">Fernweh (PDF)<\/a><\/p>\n","protected":false},"excerpt":{"rendered":"<p>M\u00fcnchen, 29. Dezember 2016 Steine und Farbe 29.12.: Im grauen Neubau-Parkviertel-Giesing wird das \u201eSozialb\u00fcrgerhaus\u201c von einem Mob an Leuten mit Steinen und mit Farbe gef\u00fcllten Christbaumkugeln angegriffen \u2013 der Schaden 10.000 Euro. W\u00e4hrend die Medien einen Bezug zu \u201eRechtsextremen\u201c machen, weil im September 2015 mal irgendwo im Kaff eine mit brauner Farbe gef\u00fcllte Christbaumkugel auf [&hellip;]<\/p>\n","protected":false},"author":12080,"featured_media":0,"comment_status":"closed","ping_status":"closed","sticky":false,"template":"","format":"standard","meta":{"footnotes":""},"categories":[2],"tags":[138],"class_list":["post-5489","post","type-post","status-publish","format-standard","hentry","category-de","tag-muenchen"],"_links":{"self":[{"href":"https:\/\/chronik.noblogs.org\/index.php?rest_route=\/wp\/v2\/posts\/5489","targetHints":{"allow":["GET"]}}],"collection":[{"href":"https:\/\/chronik.noblogs.org\/index.php?rest_route=\/wp\/v2\/posts"}],"about":[{"href":"https:\/\/chronik.noblogs.org\/index.php?rest_route=\/wp\/v2\/types\/post"}],"author":[{"embeddable":true,"href":"https:\/\/chronik.noblogs.org\/index.php?rest_route=\/wp\/v2\/users\/12080"}],"replies":[{"embeddable":true,"href":"https:\/\/chronik.noblogs.org\/index.php?rest_route=%2Fwp%2Fv2%2Fcomments&post=5489"}],"version-history":[{"count":0,"href":"https:\/\/chronik.noblogs.org\/index.php?rest_route=\/wp\/v2\/posts\/5489\/revisions"}],"wp:attachment":[{"href":"https:\/\/chronik.noblogs.org\/index.php?rest_route=%2Fwp%2Fv2%2Fmedia&parent=5489"}],"wp:term":[{"taxonomy":"category","embeddable":true,"href":"https:\/\/chronik.noblogs.org\/index.php?rest_route=%2Fwp%2Fv2%2Fcategories&post=5489"},{"taxonomy":"post_tag","embeddable":true,"href":"https:\/\/chronik.noblogs.org\/index.php?rest_route=%2Fwp%2Fv2%2Ftags&post=5489"}],"curies":[{"name":"wp","href":"https:\/\/api.w.org\/{rel}","templated":true}]}}