{"id":5356,"date":"2016-12-25T00:00:58","date_gmt":"2016-12-24T22:00:58","guid":{"rendered":"http:\/\/chronik.blackblogs.org\/?p=5356"},"modified":"2016-12-25T00:00:58","modified_gmt":"2016-12-24T22:00:58","slug":"attaque-incendiaire-contre-lordnungsamt","status":"publish","type":"post","link":"https:\/\/chronik.noblogs.org\/?p=5356","title":{"rendered":"Attaque incendiaire contre l\u2019Ordnungsamt"},"content":{"rendered":"<p><strong>Berlin<\/strong>, <span class=\"submitted\"> 25. D\u00e9cembre 2016<\/span><\/p>\n<blockquote><p>Le 25 d\u00e9cembre 2016, nous avons allum\u00e9 un feu sous le container de l\u2019Ordnungsamt [correspond \u00e0 la police municipale en France, NdT] de \u2018Steglitz\u2019 \u00e0 Berlin. A cause des chantiers en cours sur le terrain de l\u2019institution, des auxiliaires de police \u00e9taient \u00e0 ce moment-l\u00e0 log\u00e9s dans ces containers servant de bureaux. Nous avons \u00e9t\u00e9 inspir\u00e9s par cette m\u00e9thode apr\u00e8s l\u2019attaque incendiaire contre les flics dans le quartier \u2018Rissen\u2019 \u00e0 Hambourg.<br \/>\n<!--more--><br \/>\nQue le nouveau clown au poste de s\u00e9nateur \u00e0 l\u2019int\u00e9rieur fasse taire cette attaque, contrairement \u00e0 son pr\u00e9d\u00e9cesseur qui faisait signaler chaque trace de craie comme une attaque, ne nous afflige pas du tout.<\/p>\n<p>Si le monopole de l\u2019information, nous revenant de fait, peut avoir des effets sur les d\u00e9bats dans le sc\u00e9nario de la lutte radicale, cela semble plut\u00f4t douteux concernant le bas niveau de la formation th\u00e9orique anarchiste en zone germanophone.<\/p>\n<p>N\u00e9anmoins, nous tenons \u00e0 dire quelque chose quant \u00e0 nos motivations pour cette attaque.<\/p>\n<p>Les \u00ab zones de non-droit \u00bb pour le quartier Friedrichshain voulues par certains par ici devraient, soit correspondre \u00e0 un v\u00e9ritable besoin, du moins pour une partie des habitant-es, ou bien \u00e0 un embryon de perte de pouvoir de l\u2019organe \u00e9tatique. Actuellement, les deux cas de figure sont visibles n\u2019importe o\u00f9 \u00e0 Berlin. Bien s\u00fbr, il existe des quartiers o\u00f9 la joie secr\u00e8te suscit\u00e9e par les attaques contre les flics est plus importante qu\u2019ailleurs. Pourtant, la participation \u00e0 de telles attaques n\u2019est pas assez forte. Cette faiblesse est apparue par des ann\u00e9es d\u2019isolement, par une poursuite incoh\u00e9rente d\u2019objectifs et de nouveaux th\u00e8mes dans la soci\u00e9t\u00e9. Mais l\u2019un des facteurs principaux est sans doute le vide de contenu qui flotte comme un tapis d\u2019algues dans la mer des fois \u00e0 la surface, des fois au fond.<\/p>\n<p>Dans le m\u00eame temps, plus aucun groupe de gauche radicale ou antifasciste n\u2019est dispos\u00e9 \u00e0 cr\u00e9er des priorit\u00e9s en mati\u00e8re de lutte. Ni les quartiers ni les structures de clandestinit\u00e9 pour les gens qui en ont besoin ne sont d\u00e9barrass\u00e9s des nazis avec des moyens pratiques et de propagande \u00e9largis.<\/p>\n<p>C\u2019est pourquoi il nous paraissait judicieux d\u2019attaquer l\u2019ennemi l\u00e0 o\u00f9 il est faible. Pendant que les gorilles patrouillent en ville et s\u2019essoufflent pour l\u2019ordre, terrorisent des groupes marginaux et exigent de l\u2019argent pour tout chewing-gum coll\u00e9 sur le trottoir, nous sommes all\u00e9s chez eux.<\/p>\n<p>A \u2018Steglitz\u2019, la plupart des gens n\u2019auront pas de probl\u00e8me avec l\u2019Ordnungsamt mais ici aussi il y a \u00ab des groupes et des zones \u00e0 probl\u00e8mes \u00bb qui, du moins, ont un petit sourire en coin pour notre petit feu. Et si ce n\u2019est pas le cas, nous vous avons fait un cadeau pour la f\u00eate de l\u2019hypocrisie.<\/p>\n<p>Nos faits d\u2019agitation ne se conforment pas aux priorit\u00e9s locales, m\u00eame apr\u00e8s la situation actuelle, mais en fonction de nos objectifs politiques. L\u2019ordre en place est partout pr\u00e9sent et conduit les gens \u00e0 l\u2019ob\u00e9issance et \u00e0 la servitude, donc l\u2019ordre social s\u2019oppose \u00e0 nous.<\/p>\n<p>Par cette attaque, nous approuvons les objectifs formul\u00e9s dans certains textes d\u2019appel au contre-sommet du G20 \u00e0 Hambourg, qui ne veut justement pas rester un appel temporaire mais veut cr\u00e9er une explosion de rage diffuse et continue contre l\u2019ordre existant par-del\u00e0 les fronti\u00e8res th\u00e9matiques et nationales.<\/p>\n<p>Mais surtout une augmentation de la confrontation directe avec les forces du r\u00e9gime dans les rues est de fait n\u00e9cessaire pour augmenter les actes de sabotage. Le chemin vers Hambourg en juillet a besoin de davantage d\u2019\u00e9meutes que ce qu\u2019il ne s\u2019en produit en ce moment.<\/p>\n<p>C\u2019est pourquoi nos salutations vont aussi particuli\u00e8rement aux prisonniers des affrontements de l\u2019ann\u00e9e derni\u00e8re, \u00e0 Thunfisch incarc\u00e9r\u00e9 dans la prison de Lichtenberg et Damien dans la prison de Fleury.<\/p>\n<p>Des groupes autonomes<\/p><\/blockquote>\n<p><strong>Source<\/strong>: <a href=\"https:\/\/linksunten.indymedia.org\/fr\/node\/200940\"><span class=\"submitted\">lechatnoiremeutier<\/span><\/a><\/p>\n","protected":false},"excerpt":{"rendered":"<p>Berlin, 25. D\u00e9cembre 2016 Le 25 d\u00e9cembre 2016, nous avons allum\u00e9 un feu sous le container de l\u2019Ordnungsamt [correspond \u00e0 la police municipale en France, NdT] de \u2018Steglitz\u2019 \u00e0 Berlin. A cause des chantiers en cours sur le terrain de l\u2019institution, des auxiliaires de police \u00e9taient \u00e0 ce moment-l\u00e0 log\u00e9s dans ces containers servant de [&hellip;]<\/p>\n","protected":false},"author":12080,"featured_media":0,"comment_status":"closed","ping_status":"closed","sticky":false,"template":"","format":"standard","meta":{"footnotes":""},"categories":[5],"tags":[24],"class_list":["post-5356","post","type-post","status-publish","format-standard","hentry","category-fr","tag-berlin"],"_links":{"self":[{"href":"https:\/\/chronik.noblogs.org\/index.php?rest_route=\/wp\/v2\/posts\/5356","targetHints":{"allow":["GET"]}}],"collection":[{"href":"https:\/\/chronik.noblogs.org\/index.php?rest_route=\/wp\/v2\/posts"}],"about":[{"href":"https:\/\/chronik.noblogs.org\/index.php?rest_route=\/wp\/v2\/types\/post"}],"author":[{"embeddable":true,"href":"https:\/\/chronik.noblogs.org\/index.php?rest_route=\/wp\/v2\/users\/12080"}],"replies":[{"embeddable":true,"href":"https:\/\/chronik.noblogs.org\/index.php?rest_route=%2Fwp%2Fv2%2Fcomments&post=5356"}],"version-history":[{"count":0,"href":"https:\/\/chronik.noblogs.org\/index.php?rest_route=\/wp\/v2\/posts\/5356\/revisions"}],"wp:attachment":[{"href":"https:\/\/chronik.noblogs.org\/index.php?rest_route=%2Fwp%2Fv2%2Fmedia&parent=5356"}],"wp:term":[{"taxonomy":"category","embeddable":true,"href":"https:\/\/chronik.noblogs.org\/index.php?rest_route=%2Fwp%2Fv2%2Fcategories&post=5356"},{"taxonomy":"post_tag","embeddable":true,"href":"https:\/\/chronik.noblogs.org\/index.php?rest_route=%2Fwp%2Fv2%2Ftags&post=5356"}],"curies":[{"name":"wp","href":"https:\/\/api.w.org\/{rel}","templated":true}]}}