{"id":5326,"date":"2017-01-06T00:00:14","date_gmt":"2017-01-05T22:00:14","guid":{"rendered":"http:\/\/chronik.blackblogs.org\/?p=5326"},"modified":"2017-01-06T00:00:14","modified_gmt":"2017-01-05T22:00:14","slug":"brandanschlaege-auf-sodexo-und-vodafone","status":"publish","type":"post","link":"https:\/\/chronik.noblogs.org\/?p=5326","title":{"rendered":"Brandanschl\u00e4ge auf Sodexo und Vodafone"},"content":{"rendered":"<p><strong>Berlin<\/strong>, 6. Januar 2017<\/p>\n<blockquote><p>Brandanschl\u00e4ge auf Sodexo und Vodafone in Berlin. F\u00fcr Solidarit\u00e4t mit Gefangenen und eine herrschaftsfreie Welt.<\/p>\n<p>Unterschiedliche Gr\u00fcnde haben uns dazu bewegt, dass wir uns wieder mal \u00e4u\u00dfern, auch wenn die eingesetzten Ressourcen, hinsichtlich Materialaufwand und \u201eMan\u201cpower sehr gering waren. Einer dieser Gr\u00fcnde ist die \u201eNachrichtensperre\u201c die teilweise \u00fcber militante Aktionen verh\u00e4ngt wurde. Dies stellten schon anonyme Gef\u00e4hrt_innen der \u201eAutonomen Gruppen\u201c im Rahmen ihres Angriffs auf das Ordnungsamt am 25.12.16 heraus.<br \/>\n<!--more--><br \/>\nMittlerweile sollte bei den Beh\u00f6rden klar sein, dass die beiden angez\u00fcndeten Transporter auf \u201eeinem Firmengel\u00e4nde\u201c in der Sewanstra\u00dfe nicht, wie anfangs vielleicht vermutet, einem technischen Defekt zum Opfer fielen, sondern mit Grillanz\u00fcndern in Beuteln angebrannt wurden. Einer auf den rechten Vorderreifen, einer auf den rechten Hinterreifen. Sie geh\u00f6ren zur Firma Sodexo \u00fcber deren Aktivit\u00e4t im Knastgesch\u00e4ft schon \u00f6fters berichtet wurde, weshalb sie auch schon wiederholt militanten Aktionen ausgesetzt war.<\/p>\n<p>Wir hoffen das Schaden an der Geb\u00e4udestruktur entstanden ist und m\u00f6chten betonen, dass uns nicht daran gelegen ist, die Arbeiter_innen zu erschrecken. Als Charaktermasken der kapitalistischen Gesellschaftsformation tragen sie zwar zum Fortbestand desselben bei, jedoch in nur geringem Umfang.<\/p>\n<p>Dieser Angriff soll als kleines Fl\u00e4mmchen der Solidarit\u00e4t mit den verschiedensten von Repression betroffenen Menschen verstanden Wissen. Exemplarisch zu nennen w\u00e4ren die revoltierenden\/streikenden Gefangenen in den USA. Ebenfalls im Ausnahmezustand, aufgrund von Riots der Insassen, befinden sich einige Gef\u00e4ngnisse im UK.<\/p>\n<p>Solidarit\u00e4t geht auch raus an Tunfisch und Balu die wegen ihrer Aktivit\u00e4ten im Zusammenhang mit einer entschlossenen Demo festgehalten werden. Hier zeigt sich beispielhaft das sich Repressionslinien kontinuierlich fortsetzen, ganz unabh\u00e4ngig von der Parteilandschaft.<\/p>\n<p>Gleiches gilt auch f\u00fcr Griechenland, wo vor kurzem, zu unserem Bedauern, einige Menschen aus dem \u201eRevolution\u00e4ren Kampf\u201c festgenommen wurden. Zu nennen hier Pola Roupa und Konstantina Athanasopoulou.<\/p>\n<p>Unser Angriff gilt f\u00fcr all jene die sich der bestehenden Gesellschaftsordnung, mit ihren Ideologien der Ungleichwertigkeit und ihrem Verwertungszwang in allen Bereichen, nicht anpassen wollen oder k\u00f6nnen und deshalb in die digitalen Raster und analogen Gitter der Repressionsbeh\u00f6rden und der Knastindustrie gezw\u00e4ngt wurden. F\u00fcr sie ist dieses Feuerchen vielleicht ein kleines, nachtr\u00e4gliches, Feuerwerk.<\/p>\n<p>Das Spannungsfeld, welches aufgemacht wird, wenn man sich mit all jenen solidarisiert die in Kn\u00e4sten sind, ist uns wohl bewusst. Gleichsam sind wir nicht die kleine Splittergruppe die dieses Feld diskursiv aufl\u00f6sen kann und will. Es ist dies ein gesellschaftlicher Prozess, den es, wie in allen anderen Bereichen, dahingehend zu beschreiten gilt, dass der Mensch dem anderem kein Unmensch mehr ist. In diesem Zusammenhang steht es wohl au\u00dfer Frage, dass der derzeitige Prozess der digitalen Vollerfassung und \u00dcberwachung sowie der Ausbau der Knastindustrie und die steigende Law and Order Mentalit\u00e4t der \u00f6ffentlichen Gesellschaft\/Beh\u00f6rden, ein Weg ist der uns eher abbringt vom oben gesteckten Ziel.<\/p>\n<p>Ein jeder Schlag gegen die Sicherheitsarchitektur sollte also von jedem freiheitsliebenden Menschen begr\u00fc\u00dft werden, w\u00e4hrend gleichzeitig eine Debatte befeuert werden muss wie sie oben erw\u00e4hnt wurde.<\/p>\n<p>Wie man bei dem Angriff auf Sodexo noch plausibel r\u00e4tseln konnte und sp\u00e4ter keine Aussage mehr dazu treffen mochte das es sich um einen Anschlag handelte, so kann die Nichtmeldung eines Brandanschlags auf einen Funkmast eindeutig als Nachrichtensperre gewertet werden.<\/p>\n<p>In der Nacht von Samstag auf Sonntag um ca. 1:50 wurde an 2 dicht nebeneinander liegenden Stellen an einem Funkmast (Oranienburger Stra\u00dfe) der Firma Kabel Deutschland (inzwischen Vodafone) Feuer gelegt. Leider war es nicht verg\u00f6nnt sich an dem Feuerchen zu w\u00e4rmen aber wir denken, dass die Kabel schon nicht umsonst da waren und mit einem (vor\u00fcbergehenden) Ausfall der Anlage zu rechnen ist.<\/p>\n<p>Mit dem Angriff wollten wir eine kleine \u201e\u00dcberwachungspause\u201c erzeugen, wie es schon eine Vulkangruppe (Katla) vor hatte, als sie dem Funkturm in der N\u00e4he des S-Bahnhofs Adlershof angegriffen hat. Auch wenn der Angriff nur in einem mittelbaren Zusammenhang steht, wollen wir doch auch auf den Vorschlag einer Hamburger Gruppe eingehen, den G20 Gipfel zu St\u00f6ren indem die Infrastruktur angegriffen wird. St\u00f6rungen der Kommunikation k\u00f6nnten den revoltierenden im Juli in Hamburg helfen, da sie durch die \u00dcberwachung ohnehin nur sehr eingeschr\u00e4nkt nutzbar ist, w\u00e4hrend die Zusammenrottungen der Uniformierten den digitalen Zufluss ben\u00f6tigen um effizient agieren zu k\u00f6nnen.<\/p>\n<p>1 \u00bd Jahre nach unserem letzten Angriff (Brandanschlag auf deutsche Bahn), \u00e4u\u00dfern wir uns wieder um Pr\u00e4senz zu zeigen. Nichts ist gescheitert, zu vielem h\u00e4tte man sich bereits l\u00e4ngst aktiv einbringen sollen, allerdings halten wir es mit unserer Stille philosophisch \u201eeine Welle zieht sich nur zur\u00fcck um erneut zuzuschlagen.\u201c<\/p>\n<p>Auch in Zukunft werden wir dasjenige Zerst\u00f6ren und Markieren, was im Weg zu einer libert\u00e4ren Gesellschaft steht bzw. reaktion\u00e4re Regime rechter oder islamistischer Natur bevorzugt.<\/p>\n<p>Gruppo Informale<\/p><\/blockquote>\n<p><strong>Quelle<\/strong>: <a href=\"https:\/\/linksunten.indymedia.org\/de\/node\/200841\">Linksunten<\/a><\/p>\n<p>&nbsp;<\/p>\n<p>&nbsp;<\/p>\n<p><strong>Polizei<\/strong>:<\/p>\n<blockquote><p>Polizeimeldung vom 06.01.2017 &#8211; In der vergangenen Nacht brannte in Friedrichsfelde auf einem Firmengel\u00e4nde in der Sewanstra\u00dfe ein Transporter. Ein Mitarbeiter bemerkte gegen 2.20 Uhr die Flammen an dem Fahrzeug und alarmierte Polizei und Feuerwehr. Die Brandbek\u00e4mpfer l\u00f6schten das Feuer. Der Transporter brannte komplett aus. Ein weiterer Transporter wurde durch das Feuer besch\u00e4digt. Die Ermittlungen zum Verdacht der Brandstiftung dauern an.<\/p><\/blockquote>\n","protected":false},"excerpt":{"rendered":"<p>Berlin, 6. Januar 2017 Brandanschl\u00e4ge auf Sodexo und Vodafone in Berlin. F\u00fcr Solidarit\u00e4t mit Gefangenen und eine herrschaftsfreie Welt. Unterschiedliche Gr\u00fcnde haben uns dazu bewegt, dass wir uns wieder mal \u00e4u\u00dfern, auch wenn die eingesetzten Ressourcen, hinsichtlich Materialaufwand und \u201eMan\u201cpower sehr gering waren. Einer dieser Gr\u00fcnde ist die \u201eNachrichtensperre\u201c die teilweise \u00fcber militante Aktionen verh\u00e4ngt [&hellip;]<\/p>\n","protected":false},"author":12080,"featured_media":0,"comment_status":"closed","ping_status":"closed","sticky":false,"template":"","format":"standard","meta":{"footnotes":""},"categories":[2],"tags":[24],"class_list":["post-5326","post","type-post","status-publish","format-standard","hentry","category-de","tag-berlin"],"_links":{"self":[{"href":"https:\/\/chronik.noblogs.org\/index.php?rest_route=\/wp\/v2\/posts\/5326","targetHints":{"allow":["GET"]}}],"collection":[{"href":"https:\/\/chronik.noblogs.org\/index.php?rest_route=\/wp\/v2\/posts"}],"about":[{"href":"https:\/\/chronik.noblogs.org\/index.php?rest_route=\/wp\/v2\/types\/post"}],"author":[{"embeddable":true,"href":"https:\/\/chronik.noblogs.org\/index.php?rest_route=\/wp\/v2\/users\/12080"}],"replies":[{"embeddable":true,"href":"https:\/\/chronik.noblogs.org\/index.php?rest_route=%2Fwp%2Fv2%2Fcomments&post=5326"}],"version-history":[{"count":0,"href":"https:\/\/chronik.noblogs.org\/index.php?rest_route=\/wp\/v2\/posts\/5326\/revisions"}],"wp:attachment":[{"href":"https:\/\/chronik.noblogs.org\/index.php?rest_route=%2Fwp%2Fv2%2Fmedia&parent=5326"}],"wp:term":[{"taxonomy":"category","embeddable":true,"href":"https:\/\/chronik.noblogs.org\/index.php?rest_route=%2Fwp%2Fv2%2Fcategories&post=5326"},{"taxonomy":"post_tag","embeddable":true,"href":"https:\/\/chronik.noblogs.org\/index.php?rest_route=%2Fwp%2Fv2%2Ftags&post=5326"}],"curies":[{"name":"wp","href":"https:\/\/api.w.org\/{rel}","templated":true}]}}