{"id":5299,"date":"2016-12-28T00:00:40","date_gmt":"2016-12-27T22:00:40","guid":{"rendered":"http:\/\/chronik.blackblogs.org\/?p=5299"},"modified":"2016-12-28T00:00:40","modified_gmt":"2016-12-27T22:00:40","slug":"auto-von-siegbert-droese-afd-beschaedigt","status":"publish","type":"post","link":"https:\/\/chronik.noblogs.org\/?p=5299","title":{"rendered":"Auto von Siegbert Droese (AfD) besch\u00e4digt"},"content":{"rendered":"<p><strong><a href=\"https:\/\/chronik.noblogs.org\/files\/2017\/01\/200175.jpg\"><img loading=\"lazy\" decoding=\"async\" class=\"alignright size-medium wp-image-5300\" src=\"https:\/\/chronik.noblogs.org\/files\/2017\/01\/200175-300x106.jpg\" alt=\"200175\" width=\"300\" height=\"106\" srcset=\"https:\/\/chronik.noblogs.org\/files\/2017\/01\/200175-300x106.jpg 300w, https:\/\/chronik.noblogs.org\/files\/2017\/01\/200175-768x271.jpg 768w, https:\/\/chronik.noblogs.org\/files\/2017\/01\/200175-1024x361.jpg 1024w, https:\/\/chronik.noblogs.org\/files\/2017\/01\/200175.jpg 1632w\" sizes=\"auto, (max-width: 300px) 100vw, 300px\" \/><\/a>Leipzig<\/strong>, 28. Dezember 2016<\/p>\n<blockquote><p>Unbekannte haben in der Nacht zum Mittwoch im Leipziger S\u00fcden die Scheiben eines Mercedes-Kombis eingeschlagen. Es soll sich um den Wagen des AfD-Kreisvorsitzenden Siegbert Droese handeln.<br \/>\n<!--more--><br \/>\nLeipzig. Unbekannte haben in der Nacht zum Mittwoch im Leipziger S\u00fcden die Scheiben eines Mercedes-Kombis eingeschlagen. Das best\u00e4tigte die Polizei gegen\u00fcber LVZ.de. Mehrere Seitenfenster und die Heckscheibe gingen zu Bruch. Der silberfarbene Wagen mit einem roten Aufkleber \u201eGenug GEZahlt\u201c stand vor dem Haus der Demokratie in der Bernhard-G\u00f6ring-Stra\u00dfe in Leipzig-Connewitz.<\/p>\n<p>Aus einer Pressemitteilung der rechtspopulistischen AfD geht hervor, dass es sich um den Wagen des Kreisvorsitzenden Siegbert Droese handelt.<\/p>\n<p>Bereits im September 2016 brannte im Leipziger Musikviertel der Wagen der AfD-Bundesvorsitzenden Frauke Petry aus. Da die Beh\u00f6rden in diesem Fall einen politischen Hintergrund nicht ausschlie\u00dfen konnten, wurde der Staatsschutz eingeschaltet. Ob es sich bei der Besch\u00e4digung an Droeses Wagen um einen Einbruch handelte, oder ob es einen anderen Hintergrund gibt, dazu liegen noch keine Informationen vor.<\/p><\/blockquote>\n<p><strong>Quelle<\/strong>: <a href=\"https:\/\/linksunten.indymedia.org\/en\/node\/200174\">LVZ<\/a><\/p>\n","protected":false},"excerpt":{"rendered":"<p>Leipzig, 28. Dezember 2016 Unbekannte haben in der Nacht zum Mittwoch im Leipziger S\u00fcden die Scheiben eines Mercedes-Kombis eingeschlagen. Es soll sich um den Wagen des AfD-Kreisvorsitzenden Siegbert Droese handeln.<\/p>\n","protected":false},"author":12080,"featured_media":0,"comment_status":"closed","ping_status":"closed","sticky":false,"template":"","format":"standard","meta":{"footnotes":""},"categories":[2],"tags":[124],"class_list":["post-5299","post","type-post","status-publish","format-standard","hentry","category-de","tag-leipzig"],"_links":{"self":[{"href":"https:\/\/chronik.noblogs.org\/index.php?rest_route=\/wp\/v2\/posts\/5299","targetHints":{"allow":["GET"]}}],"collection":[{"href":"https:\/\/chronik.noblogs.org\/index.php?rest_route=\/wp\/v2\/posts"}],"about":[{"href":"https:\/\/chronik.noblogs.org\/index.php?rest_route=\/wp\/v2\/types\/post"}],"author":[{"embeddable":true,"href":"https:\/\/chronik.noblogs.org\/index.php?rest_route=\/wp\/v2\/users\/12080"}],"replies":[{"embeddable":true,"href":"https:\/\/chronik.noblogs.org\/index.php?rest_route=%2Fwp%2Fv2%2Fcomments&post=5299"}],"version-history":[{"count":0,"href":"https:\/\/chronik.noblogs.org\/index.php?rest_route=\/wp\/v2\/posts\/5299\/revisions"}],"wp:attachment":[{"href":"https:\/\/chronik.noblogs.org\/index.php?rest_route=%2Fwp%2Fv2%2Fmedia&parent=5299"}],"wp:term":[{"taxonomy":"category","embeddable":true,"href":"https:\/\/chronik.noblogs.org\/index.php?rest_route=%2Fwp%2Fv2%2Fcategories&post=5299"},{"taxonomy":"post_tag","embeddable":true,"href":"https:\/\/chronik.noblogs.org\/index.php?rest_route=%2Fwp%2Fv2%2Ftags&post=5299"}],"curies":[{"name":"wp","href":"https:\/\/api.w.org\/{rel}","templated":true}]}}