{"id":5294,"date":"2016-12-28T00:00:52","date_gmt":"2016-12-27T22:00:52","guid":{"rendered":"http:\/\/chronik.blackblogs.org\/?p=5294"},"modified":"2016-12-28T00:00:52","modified_gmt":"2016-12-27T22:00:52","slug":"autos-von-melanie-haendelkes-npd-und-rainer-haendelkes-npd-abgefackelt","status":"publish","type":"post","link":"https:\/\/chronik.noblogs.org\/?p=5294","title":{"rendered":"Autos von Melanie H\u00e4ndelkes (NPD) und Rainer H\u00e4ndelkes (NPD) abgefackelt"},"content":{"rendered":"<p><strong><a href=\"https:\/\/chronik.noblogs.org\/files\/2017\/01\/6460352905.jpg\"><img loading=\"lazy\" decoding=\"async\" class=\"alignright size-medium wp-image-5295\" src=\"https:\/\/chronik.noblogs.org\/files\/2017\/01\/6460352905-300x166.jpg\" alt=\"6460352905\" width=\"300\" height=\"166\" srcset=\"https:\/\/chronik.noblogs.org\/files\/2017\/01\/6460352905-300x166.jpg 300w, https:\/\/chronik.noblogs.org\/files\/2017\/01\/6460352905-768x426.jpg 768w, https:\/\/chronik.noblogs.org\/files\/2017\/01\/6460352905.jpg 960w\" sizes=\"auto, (max-width: 300px) 100vw, 300px\" \/><\/a>Krefeld<\/strong>, 28. Dezember 2016<\/p>\n<blockquote><p>In Wachtendonk haben Unbekannte in der Nacht zu Mittwoch zwei Pkws in der Eichenallee angez\u00fcndet. Ein Nachbar hatte den Brand gegen 2.40 Uhr bemerkt, er sah zwei dunkel gekleidete und maskierte Person, die zu Fu\u00df vom Tatort fl\u00fcchteten. Die alamierte Feuerwehr konnte die Br\u00e4nde schnell l\u00f6schen.<br \/>\n<!--more--><br \/>\n<a href=\"https:\/\/chronik.noblogs.org\/files\/2017\/01\/4299868445.jpg\"><img loading=\"lazy\" decoding=\"async\" class=\"alignright size-medium wp-image-5296\" src=\"https:\/\/chronik.noblogs.org\/files\/2017\/01\/4299868445-188x300.jpg\" alt=\"4299868445\" width=\"188\" height=\"300\" srcset=\"https:\/\/chronik.noblogs.org\/files\/2017\/01\/4299868445-188x300.jpg 188w, https:\/\/chronik.noblogs.org\/files\/2017\/01\/4299868445.jpg 602w\" sizes=\"auto, (max-width: 188px) 100vw, 188px\" \/><\/a>Die Besitzer der Fahrzeuge sind politisch in der NPD aktiv, deswegen hat der Staatsschutz in Krefeld die Ermittlungen \u00fcbernommen. Es werden weitere Zeugen gesucht, Hinweise nimmt die Polizei unter der Rufnummer &#8212; oder per Mail unter &#8212; entgegen.<\/p><\/blockquote>\n<p><strong>Quelle<\/strong>: <a href=\"https:\/\/linksunten.indymedia.org\/en\/node\/200171\">Westdeutsche Zeitung<\/a><\/p>\n","protected":false},"excerpt":{"rendered":"<p>Krefeld, 28. Dezember 2016 In Wachtendonk haben Unbekannte in der Nacht zu Mittwoch zwei Pkws in der Eichenallee angez\u00fcndet. Ein Nachbar hatte den Brand gegen 2.40 Uhr bemerkt, er sah zwei dunkel gekleidete und maskierte Person, die zu Fu\u00df vom Tatort fl\u00fcchteten. Die alamierte Feuerwehr konnte die Br\u00e4nde schnell l\u00f6schen.<\/p>\n","protected":false},"author":12080,"featured_media":0,"comment_status":"closed","ping_status":"closed","sticky":false,"template":"","format":"standard","meta":{"footnotes":""},"categories":[2],"tags":[118],"class_list":["post-5294","post","type-post","status-publish","format-standard","hentry","category-de","tag-krefeld"],"_links":{"self":[{"href":"https:\/\/chronik.noblogs.org\/index.php?rest_route=\/wp\/v2\/posts\/5294","targetHints":{"allow":["GET"]}}],"collection":[{"href":"https:\/\/chronik.noblogs.org\/index.php?rest_route=\/wp\/v2\/posts"}],"about":[{"href":"https:\/\/chronik.noblogs.org\/index.php?rest_route=\/wp\/v2\/types\/post"}],"author":[{"embeddable":true,"href":"https:\/\/chronik.noblogs.org\/index.php?rest_route=\/wp\/v2\/users\/12080"}],"replies":[{"embeddable":true,"href":"https:\/\/chronik.noblogs.org\/index.php?rest_route=%2Fwp%2Fv2%2Fcomments&post=5294"}],"version-history":[{"count":0,"href":"https:\/\/chronik.noblogs.org\/index.php?rest_route=\/wp\/v2\/posts\/5294\/revisions"}],"wp:attachment":[{"href":"https:\/\/chronik.noblogs.org\/index.php?rest_route=%2Fwp%2Fv2%2Fmedia&parent=5294"}],"wp:term":[{"taxonomy":"category","embeddable":true,"href":"https:\/\/chronik.noblogs.org\/index.php?rest_route=%2Fwp%2Fv2%2Fcategories&post=5294"},{"taxonomy":"post_tag","embeddable":true,"href":"https:\/\/chronik.noblogs.org\/index.php?rest_route=%2Fwp%2Fv2%2Ftags&post=5294"}],"curies":[{"name":"wp","href":"https:\/\/api.w.org\/{rel}","templated":true}]}}