{"id":5246,"date":"2016-12-20T00:00:04","date_gmt":"2016-12-19T22:00:04","guid":{"rendered":"http:\/\/chronik.blackblogs.org\/?p=5246"},"modified":"2016-12-20T00:00:04","modified_gmt":"2016-12-19T22:00:04","slug":"reifen-an-naziauto-zerstochen","status":"publish","type":"post","link":"https:\/\/chronik.noblogs.org\/?p=5246","title":{"rendered":"Reifen an Naziauto zerstochen"},"content":{"rendered":"<p><strong>G\u00f6ttingen<\/strong>, 20. Dezember 2016<\/p>\n<blockquote><p>Adelebsen. Unbekannte haben am Dienstag zwischen 17 und 20 Uhr zwei Reifen eines in Adelebsen geparkten BMW besch\u00e4digt. Die Polizei vermutet eine politisch motivierte Tat, da der Besitzer des Wagens ein Angeh\u00f6riger des als rechtsextrem geltenden Freundeskreises Th\u00fcringen\/Niedersachsen ist. Der Wagen, an dem Sachschaden in unbekannter H\u00f6he stand, war auf der Siedlungsstra\u00dfe abgestellt. Nach ersten Erkenntnissen fl\u00fcchteten die T\u00e4ter anschlie\u00dfend mit einem wei\u00dfen Kombi. Weiteres ist bislang nicht bekannt. Das Staatsschutzkommissariat ermittelt. Hinweise erbittet die G\u00f6ttinger Polizei unter der Rufnummer XXX entgegen.<\/p><\/blockquote>\n<p><strong>Quelle<\/strong>: <a href=\"https:\/\/linksunten.indymedia.org\/en\/node\/199871\">HNA<\/a><\/p>\n","protected":false},"excerpt":{"rendered":"<p>G\u00f6ttingen, 20. Dezember 2016 Adelebsen. Unbekannte haben am Dienstag zwischen 17 und 20 Uhr zwei Reifen eines in Adelebsen geparkten BMW besch\u00e4digt. Die Polizei vermutet eine politisch motivierte Tat, da der Besitzer des Wagens ein Angeh\u00f6riger des als rechtsextrem geltenden Freundeskreises Th\u00fcringen\/Niedersachsen ist. Der Wagen, an dem Sachschaden in unbekannter H\u00f6he stand, war auf der [&hellip;]<\/p>\n","protected":false},"author":12080,"featured_media":0,"comment_status":"closed","ping_status":"closed","sticky":false,"template":"","format":"standard","meta":{"footnotes":""},"categories":[2],"tags":[74],"class_list":["post-5246","post","type-post","status-publish","format-standard","hentry","category-de","tag-goettingen"],"_links":{"self":[{"href":"https:\/\/chronik.noblogs.org\/index.php?rest_route=\/wp\/v2\/posts\/5246","targetHints":{"allow":["GET"]}}],"collection":[{"href":"https:\/\/chronik.noblogs.org\/index.php?rest_route=\/wp\/v2\/posts"}],"about":[{"href":"https:\/\/chronik.noblogs.org\/index.php?rest_route=\/wp\/v2\/types\/post"}],"author":[{"embeddable":true,"href":"https:\/\/chronik.noblogs.org\/index.php?rest_route=\/wp\/v2\/users\/12080"}],"replies":[{"embeddable":true,"href":"https:\/\/chronik.noblogs.org\/index.php?rest_route=%2Fwp%2Fv2%2Fcomments&post=5246"}],"version-history":[{"count":0,"href":"https:\/\/chronik.noblogs.org\/index.php?rest_route=\/wp\/v2\/posts\/5246\/revisions"}],"wp:attachment":[{"href":"https:\/\/chronik.noblogs.org\/index.php?rest_route=%2Fwp%2Fv2%2Fmedia&parent=5246"}],"wp:term":[{"taxonomy":"category","embeddable":true,"href":"https:\/\/chronik.noblogs.org\/index.php?rest_route=%2Fwp%2Fv2%2Fcategories&post=5246"},{"taxonomy":"post_tag","embeddable":true,"href":"https:\/\/chronik.noblogs.org\/index.php?rest_route=%2Fwp%2Fv2%2Ftags&post=5246"}],"curies":[{"name":"wp","href":"https:\/\/api.w.org\/{rel}","templated":true}]}}