{"id":5242,"date":"2016-12-20T00:00:33","date_gmt":"2016-12-19T22:00:33","guid":{"rendered":"http:\/\/chronik.blackblogs.org\/?p=5242"},"modified":"2016-12-20T00:00:33","modified_gmt":"2016-12-19T22:00:33","slug":"farbe-gegen-afd-treffpunkt-3","status":"publish","type":"post","link":"https:\/\/chronik.noblogs.org\/?p=5242","title":{"rendered":"Farbe gegen AfD-Treffpunkt"},"content":{"rendered":"<p><strong>M\u00fcnster<\/strong>, 20. Dezember 2016<\/p>\n<blockquote><p>Die Gastst\u00e4tte &#8220;Kruse Baimken&#8221; (Am Stadtgraben 52, 48143 M\u00fcnster) wurde in der Nacht zum 20.12.2016 farblich versch\u00f6nert. Hintergrund: Dort kann sich ungest\u00f6rt und geduldet vom Besitzer die rassistische und nationalistische Partei AfD treffen und organisieren. Mehrmals wurde dies bereits \u00f6ffentlich kritisiert &#8211; verschiedene Gruppen veranstalteten Protestaktionen gegen den AfD-Treffpunkt. Der Besitzer weist jede Kritik von sich und stellt der AfD weiterhin seine R\u00e4umlichkeiten zur Verf\u00fcgung.<br \/>\n<!--more--><br \/>\nDeswegen wollten auch wir unseren Beitrag beisteuern und zeigen was wir von Unterst\u00fctzer*innen von Rassismus halten. Wir hinterlie\u00dfen die Parolen &#8220;Fuck AfD&#8221; und &#8220;No Nazis&#8221; und setzten noch einige Farbakzente.<\/p>\n<p>Rassismus bek\u00e4mpfen! AfD entlarven und sabotieren!<\/p>\n<p>Sch\u00f6ne Gr\u00fc\u00dfe an Thunfisch, Balu und Aaron &#8211; Fight Repression!<\/p><\/blockquote>\n<p><strong>Quelle<\/strong>: <a href=\"https:\/\/linksunten.indymedia.org\/en\/node\/199926\">Linksunten<\/a><\/p>\n","protected":false},"excerpt":{"rendered":"<p>M\u00fcnster, 20. Dezember 2016 Die Gastst\u00e4tte &#8220;Kruse Baimken&#8221; (Am Stadtgraben 52, 48143 M\u00fcnster) wurde in der Nacht zum 20.12.2016 farblich versch\u00f6nert. Hintergrund: Dort kann sich ungest\u00f6rt und geduldet vom Besitzer die rassistische und nationalistische Partei AfD treffen und organisieren. Mehrmals wurde dies bereits \u00f6ffentlich kritisiert &#8211; verschiedene Gruppen veranstalteten Protestaktionen gegen den AfD-Treffpunkt. Der Besitzer [&hellip;]<\/p>\n","protected":false},"author":12080,"featured_media":0,"comment_status":"closed","ping_status":"closed","sticky":false,"template":"","format":"standard","meta":{"footnotes":""},"categories":[2],"tags":[139],"class_list":["post-5242","post","type-post","status-publish","format-standard","hentry","category-de","tag-muenster"],"_links":{"self":[{"href":"https:\/\/chronik.noblogs.org\/index.php?rest_route=\/wp\/v2\/posts\/5242","targetHints":{"allow":["GET"]}}],"collection":[{"href":"https:\/\/chronik.noblogs.org\/index.php?rest_route=\/wp\/v2\/posts"}],"about":[{"href":"https:\/\/chronik.noblogs.org\/index.php?rest_route=\/wp\/v2\/types\/post"}],"author":[{"embeddable":true,"href":"https:\/\/chronik.noblogs.org\/index.php?rest_route=\/wp\/v2\/users\/12080"}],"replies":[{"embeddable":true,"href":"https:\/\/chronik.noblogs.org\/index.php?rest_route=%2Fwp%2Fv2%2Fcomments&post=5242"}],"version-history":[{"count":0,"href":"https:\/\/chronik.noblogs.org\/index.php?rest_route=\/wp\/v2\/posts\/5242\/revisions"}],"wp:attachment":[{"href":"https:\/\/chronik.noblogs.org\/index.php?rest_route=%2Fwp%2Fv2%2Fmedia&parent=5242"}],"wp:term":[{"taxonomy":"category","embeddable":true,"href":"https:\/\/chronik.noblogs.org\/index.php?rest_route=%2Fwp%2Fv2%2Fcategories&post=5242"},{"taxonomy":"post_tag","embeddable":true,"href":"https:\/\/chronik.noblogs.org\/index.php?rest_route=%2Fwp%2Fv2%2Ftags&post=5242"}],"curies":[{"name":"wp","href":"https:\/\/api.w.org\/{rel}","templated":true}]}}