{"id":5239,"date":"2016-12-23T00:00:35","date_gmt":"2016-12-22T22:00:35","guid":{"rendered":"http:\/\/chronik.blackblogs.org\/?p=5239"},"modified":"2016-12-23T00:00:35","modified_gmt":"2016-12-22T22:00:35","slug":"naziauto-abgefackelt-3","status":"publish","type":"post","link":"https:\/\/chronik.noblogs.org\/?p=5239","title":{"rendered":"Naziauto abgefackelt"},"content":{"rendered":"<p><strong><a href=\"https:\/\/chronik.blackblogs.org\/wp-content\/uploads\/sites\/109\/2016\/12\/199912.jpg\"><img loading=\"lazy\" decoding=\"async\" class=\"alignright size-medium wp-image-5240\" src=\"https:\/\/chronik.blackblogs.org\/wp-content\/uploads\/sites\/109\/2016\/12\/199912-300x168.jpg\" alt=\"199912\" width=\"300\" height=\"168\" \/><\/a>Weimar<\/strong>, 23. Dezember 2016<\/p>\n<blockquote><p>Letzte Nacht haben wir das Auto von dem autonomen Nationalisten Kevin Armstroff zerst\u00f6rt. Der Neonazi, welcher schon seit vielen Jahren in der radikalen Rechten in Th\u00fcringen unterwegs ist, besucht bundesweite Demonstrationen und hegt besten Kontakt zu Michel &#8220;Fettsack&#8221; Fischer.<br \/>\n<!--more--><br \/>\nNachdem Armstroff gestern Abend mit Tom Holzinger auf dem Weimarer Weihnachtsmarkt Gl\u00fchwein verk\u00f6stigte, stellte er sein Auto in Hammerstedt (Weimarer-Land) vor seinem Familienhaus ab. Da wir leider durch zu hohe Polizeipr\u00e4senz nicht den k\u00f6rperlichen Austausch am Gl\u00fchweinstand suchen konnten, besuchten wir ihn zu Hause.<\/p>\n<p>Advent Advent ein Lichtlein brennt&#8230;<\/p>\n<p>Presseartikel: https:\/\/linksunten.indymedia.org\/de\/node\/199911<\/p><\/blockquote>\n<p><strong>Quelle<\/strong>: <a href=\"https:\/\/linksunten.indymedia.org\/en\/node\/199913\">Linksunten<\/a><\/p>\n","protected":false},"excerpt":{"rendered":"<p>Weimar, 23. Dezember 2016 Letzte Nacht haben wir das Auto von dem autonomen Nationalisten Kevin Armstroff zerst\u00f6rt. Der Neonazi, welcher schon seit vielen Jahren in der radikalen Rechten in Th\u00fcringen unterwegs ist, besucht bundesweite Demonstrationen und hegt besten Kontakt zu Michel &#8220;Fettsack&#8221; Fischer.<\/p>\n","protected":false},"author":12080,"featured_media":0,"comment_status":"closed","ping_status":"closed","sticky":false,"template":"","format":"standard","meta":{"footnotes":""},"categories":[2],"tags":[212],"class_list":["post-5239","post","type-post","status-publish","format-standard","hentry","category-de","tag-weimar"],"_links":{"self":[{"href":"https:\/\/chronik.noblogs.org\/index.php?rest_route=\/wp\/v2\/posts\/5239","targetHints":{"allow":["GET"]}}],"collection":[{"href":"https:\/\/chronik.noblogs.org\/index.php?rest_route=\/wp\/v2\/posts"}],"about":[{"href":"https:\/\/chronik.noblogs.org\/index.php?rest_route=\/wp\/v2\/types\/post"}],"author":[{"embeddable":true,"href":"https:\/\/chronik.noblogs.org\/index.php?rest_route=\/wp\/v2\/users\/12080"}],"replies":[{"embeddable":true,"href":"https:\/\/chronik.noblogs.org\/index.php?rest_route=%2Fwp%2Fv2%2Fcomments&post=5239"}],"version-history":[{"count":0,"href":"https:\/\/chronik.noblogs.org\/index.php?rest_route=\/wp\/v2\/posts\/5239\/revisions"}],"wp:attachment":[{"href":"https:\/\/chronik.noblogs.org\/index.php?rest_route=%2Fwp%2Fv2%2Fmedia&parent=5239"}],"wp:term":[{"taxonomy":"category","embeddable":true,"href":"https:\/\/chronik.noblogs.org\/index.php?rest_route=%2Fwp%2Fv2%2Fcategories&post=5239"},{"taxonomy":"post_tag","embeddable":true,"href":"https:\/\/chronik.noblogs.org\/index.php?rest_route=%2Fwp%2Fv2%2Ftags&post=5239"}],"curies":[{"name":"wp","href":"https:\/\/api.w.org\/{rel}","templated":true}]}}