{"id":5189,"date":"2016-11-25T00:00:43","date_gmt":"2016-11-24T22:00:43","guid":{"rendered":"http:\/\/chronik.blackblogs.org\/?p=5189"},"modified":"2016-11-25T00:00:43","modified_gmt":"2016-11-24T22:00:43","slug":"farbanschlag-bei-ehemaligem-afd-chef","status":"publish","type":"post","link":"https:\/\/chronik.noblogs.org\/?p=5189","title":{"rendered":"Farbanschlag bei ehemaligem AfD-Chef"},"content":{"rendered":"<p><strong><a href=\"https:\/\/chronik.blackblogs.org\/wp-content\/uploads\/sites\/109\/2016\/12\/197590.jpg\"><img loading=\"lazy\" decoding=\"async\" class=\"alignright size-medium wp-image-5190\" src=\"https:\/\/chronik.blackblogs.org\/wp-content\/uploads\/sites\/109\/2016\/12\/197590-300x169.jpg\" alt=\"197590\" width=\"300\" height=\"169\" \/><\/a>Langballig<\/strong>, 25. November 2016<\/p>\n<blockquote><p>Auf das Auto der SPD- Kreissprecherin Kerstin Hansen ist am Freitag ein Farbanschlag ver\u00fcbt worden. Er galt wohl ihrem Mann.<\/p>\n<p>Auf das Auto der SPD-Ortsvorsitzenden von Langballig und Kreispartei-Sprecherin Kerstin Hansen ist gestern ein Farbanschlag ver\u00fcbt worden. Gegen 9.30 Uhr fand sie den kleinen vor dem Haus in der Stra\u00dfe Laikier abgestellten Zweitwagen der Familie, einen schwarzen Renault Twingo, mit roter Farbe verschmiert vor. Zudem war der rechte Vorderreifen zerstochen.<br \/>\n<!--more--><br \/>\nDie Sachbesch\u00e4digung galt nach Einsch\u00e4tzung der Polizei ihrem Ehemann Frank Hansen, der nach internen Querelen vor kurzem als Vorsitzender des AfD-Kreisverbandes zur\u00fcckgetreten war (wir berichteten). Dieser gab gegen\u00fcber der Polizei an, dass der Wagen gegen 6.30 Uhr noch unbesch\u00e4digt war. Hansens Wagen war vor einiger Zeit schon einmal durch fest haftende Aufkleber verunstaltet worden. Beamte der Polizeistation Husby nahmen den neuen Vorfall auf.<\/p>\n<p>Die rote Farbe hat auf Frontscheibe und Lack wegen des Frostes nicht richtig abgebunden und kann wohl leicht entfernt werden. Ob das auch f\u00fcr das Schiebedach aus Kunststoff gilt, muss sich noch erweisen.<\/p>\n<p>Zeugen und Hinweisgeber werden gebeten, sich mit der Kriminalpolizei Flensburg (Kommissariat 5) unter Telefon&#8230;&#8230; in Verbindung zu setzen.<\/p><\/blockquote>\n<p><strong>Quelle<\/strong>: <a href=\"https:\/\/linksunten.indymedia.org\/de\/node\/197589\">SHZ<\/a><\/p>\n","protected":false},"excerpt":{"rendered":"<p>Langballig, 25. November 2016 Auf das Auto der SPD- Kreissprecherin Kerstin Hansen ist am Freitag ein Farbanschlag ver\u00fcbt worden. Er galt wohl ihrem Mann. Auf das Auto der SPD-Ortsvorsitzenden von Langballig und Kreispartei-Sprecherin Kerstin Hansen ist gestern ein Farbanschlag ver\u00fcbt worden. Gegen 9.30 Uhr fand sie den kleinen vor dem Haus in der Stra\u00dfe Laikier [&hellip;]<\/p>\n","protected":false},"author":12080,"featured_media":0,"comment_status":"closed","ping_status":"closed","sticky":false,"template":"","format":"standard","meta":{"footnotes":""},"categories":[2],"tags":[119],"class_list":["post-5189","post","type-post","status-publish","format-standard","hentry","category-de","tag-langballig"],"_links":{"self":[{"href":"https:\/\/chronik.noblogs.org\/index.php?rest_route=\/wp\/v2\/posts\/5189","targetHints":{"allow":["GET"]}}],"collection":[{"href":"https:\/\/chronik.noblogs.org\/index.php?rest_route=\/wp\/v2\/posts"}],"about":[{"href":"https:\/\/chronik.noblogs.org\/index.php?rest_route=\/wp\/v2\/types\/post"}],"author":[{"embeddable":true,"href":"https:\/\/chronik.noblogs.org\/index.php?rest_route=\/wp\/v2\/users\/12080"}],"replies":[{"embeddable":true,"href":"https:\/\/chronik.noblogs.org\/index.php?rest_route=%2Fwp%2Fv2%2Fcomments&post=5189"}],"version-history":[{"count":0,"href":"https:\/\/chronik.noblogs.org\/index.php?rest_route=\/wp\/v2\/posts\/5189\/revisions"}],"wp:attachment":[{"href":"https:\/\/chronik.noblogs.org\/index.php?rest_route=%2Fwp%2Fv2%2Fmedia&parent=5189"}],"wp:term":[{"taxonomy":"category","embeddable":true,"href":"https:\/\/chronik.noblogs.org\/index.php?rest_route=%2Fwp%2Fv2%2Fcategories&post=5189"},{"taxonomy":"post_tag","embeddable":true,"href":"https:\/\/chronik.noblogs.org\/index.php?rest_route=%2Fwp%2Fv2%2Ftags&post=5189"}],"curies":[{"name":"wp","href":"https:\/\/api.w.org\/{rel}","templated":true}]}}