{"id":5181,"date":"2016-10-28T00:00:12","date_gmt":"2016-10-27T22:00:12","guid":{"rendered":"http:\/\/chronik.blackblogs.org\/?p=5181"},"modified":"2016-10-28T00:00:12","modified_gmt":"2016-10-27T22:00:12","slug":"vernice-a-casa-di-patrick-schenk-npd","status":"publish","type":"post","link":"https:\/\/chronik.noblogs.org\/?p=5181","title":{"rendered":"Vernice a casa di Patrick Schenk (NPD)"},"content":{"rendered":"<p><strong>Francoforte al Meno (Frankfurt am Main)<\/strong>, 28 ottobre 2016<\/p>\n<blockquote><p>Ieri notte con tanta vernice abbiamo attaccato la casa nazi di Patrick Schenk, candidato NPD e presunto tifoso di Eintracht. Abita in via Adolfstra\u00dfe 41 a Niederrad. La casa \u00e8 ora adornata di una grande scritta che addita le attivit\u00e0 fasciste di Patrick. Inoltre \u00e8 vastamente distrutta la facciata.<br \/>\n<!--more--><br \/>\nIn tempi d&#8217;attacchi massicci a profughx e altre persone che non ci stanno nella visione misantropa del mondo dei nazi, abbiamo deciso di non sopportarlo pi\u00f9 a lungo. Sappiamo che l&#8217;aizzamento razzista \u00e8 prodotto anzitutto da AfD e altrx. E i nazi come Patrick si sentono al sicuro in questo clima e attaccano le persone. Ma noi continueremo a lottare per una vita degna di essere vissuta per tuttx, per una societ\u00e0 nella quale tuttx possiamo essere diversx senza\u00a0 paura. Continueremo a togliere ax fascistx qualunque spazio. Noi non continuiamo a stare a guardare senza reagire.<\/p>\n<p>Visto che Patrick visita regolarmente la Eintracht nel blocco 40, ci atteniamo qui del tutto a Peter Fischer: \u201cLa feccia marrone dovrebbe essere espulsa a suon di botte da ogni blocco per bene. Lo abbiamo fatto in passato, si fa tuttora cos\u00ec a Francoforte. E ne sono fiero&#8230;\u201d<\/p>\n<p>Riteniamo che tuttx lx tifosx di Eintracht la vedono esattamente allo stesso modo. Patrick \u2013 era l&#8217;ultimo avviso!<br \/>\nVenite tuttx alla contro-azione della demo omofobica a Wiesbaden della domenica 30\/10!<\/p><\/blockquote>\n<p><strong>Fonte<\/strong>: <a href=\"https:\/\/linksunten.indymedia.org\/it\/node\/199841\">Linksunten<\/a><\/p>\n","protected":false},"excerpt":{"rendered":"<p>Francoforte al Meno (Frankfurt am Main), 28 ottobre 2016 Ieri notte con tanta vernice abbiamo attaccato la casa nazi di Patrick Schenk, candidato NPD e presunto tifoso di Eintracht. Abita in via Adolfstra\u00dfe 41 a Niederrad. La casa \u00e8 ora adornata di una grande scritta che addita le attivit\u00e0 fasciste di Patrick. Inoltre \u00e8 vastamente [&hellip;]<\/p>\n","protected":false},"author":12080,"featured_media":0,"comment_status":"closed","ping_status":"closed","sticky":false,"template":"","format":"standard","meta":{"footnotes":""},"categories":[6],"tags":[68],"class_list":["post-5181","post","type-post","status-publish","format-standard","hentry","category-it","tag-frankfurt-am-main"],"_links":{"self":[{"href":"https:\/\/chronik.noblogs.org\/index.php?rest_route=\/wp\/v2\/posts\/5181","targetHints":{"allow":["GET"]}}],"collection":[{"href":"https:\/\/chronik.noblogs.org\/index.php?rest_route=\/wp\/v2\/posts"}],"about":[{"href":"https:\/\/chronik.noblogs.org\/index.php?rest_route=\/wp\/v2\/types\/post"}],"author":[{"embeddable":true,"href":"https:\/\/chronik.noblogs.org\/index.php?rest_route=\/wp\/v2\/users\/12080"}],"replies":[{"embeddable":true,"href":"https:\/\/chronik.noblogs.org\/index.php?rest_route=%2Fwp%2Fv2%2Fcomments&post=5181"}],"version-history":[{"count":0,"href":"https:\/\/chronik.noblogs.org\/index.php?rest_route=\/wp\/v2\/posts\/5181\/revisions"}],"wp:attachment":[{"href":"https:\/\/chronik.noblogs.org\/index.php?rest_route=%2Fwp%2Fv2%2Fmedia&parent=5181"}],"wp:term":[{"taxonomy":"category","embeddable":true,"href":"https:\/\/chronik.noblogs.org\/index.php?rest_route=%2Fwp%2Fv2%2Fcategories&post=5181"},{"taxonomy":"post_tag","embeddable":true,"href":"https:\/\/chronik.noblogs.org\/index.php?rest_route=%2Fwp%2Fv2%2Ftags&post=5181"}],"curies":[{"name":"wp","href":"https:\/\/api.w.org\/{rel}","templated":true}]}}