{"id":4994,"date":"2016-11-03T00:00:52","date_gmt":"2016-11-02T22:00:52","guid":{"rendered":"http:\/\/chronik.blackblogs.org\/?p=4994"},"modified":"2016-11-03T00:00:52","modified_gmt":"2016-11-02T22:00:52","slug":"incendiata-auto-spie","status":"publish","type":"post","link":"https:\/\/chronik.noblogs.org\/?p=4994","title":{"rendered":"Incendiata auto Spie"},"content":{"rendered":"<p><strong>Berlino (Berlin)<\/strong>, 3 ottobre 2016<\/p>\n<blockquote><p>In solidariet\u00e0 con tutte le persone che hanno lottato in carcere o sulle strade, &#8216;sta notte abbiamo bruciato un&#8217;auto dell&#8217;impresa costruttrice di carceri Spie. Con l&#8217;azione ci riferiamo direttamente ax compas di Tolosa che nella notte 20\/21 hanno fatto lo stesso. Spie \u00e8 una grande impresa che per esempio ha contribuito alla costruzione del carcere a Leuze in Belgio. L\u00ec da anni si conduce una lotta intensa contro l&#8217;industria delle prigioni. Ci sono delle liste nere di ditte alle quali attaccare i mezzi di produzione. Anche alcuni dei responsabili di rango hanno delle visite domiciliari. Per esempio il direttore del carcere di Br\u00fcgge, la cui auto fu bruciata sotto casa.<br \/>\n<!--more--><br \/>\nSpie, inoltre, fa parte dell&#8217;industria dell&#8217;atomo. Anche questa lotta \u00e8 condotta intensamente con l&#8217;obiettivo di fermare quest&#8217;economia vomitevole. Ma anche gli attacchi alle vetture sono delle punzecchiature che, se massicce, possono fare effetto. Gli attacchi incendiari alle auto sono un mezzo che si pu\u00f2 impiegare facilmente e spesso.<\/p>\n<p>Anche nelle campagne si svolge la stessa lotta. In questo periodo ci sono intense lotte nella Lausitz, nella foresta di Hambach e nella Zad in Bretagna. La lotta contro il rifornimento capitalista d&#8217;energia, l&#8217;infrastruttura dei trasporti e le galere \u00e8 diretta contro lo Stato e le sue multinazionali che considerano la natura una merce da distruggere o da sfruttare. Lx partigianx rischiano la propria vita o libert\u00e0 quando distruggono oppure sabotano questi progetti di costruzione. Chi vi finisce in galera incontra di nuovo le stesse ditte che non perdono la minima occasione per sottomettere possibilmente tutta la societ\u00e0 al controllo, allo sfruttamento e al terrore. Ma se non ci lasciamo terrorizzare non avranno successo. Ecco perch\u00e9 lx prigionierx che continuano a lottare anche in galera costituiscono un grande pericolo per questa societ\u00e0 nonch\u00e9 un motore importante della nostra lotta.<\/p>\n<p>Ringraziamo<br \/>\nAaron e Balu,<br \/>\nle rapinatrici che devono aspettare il loro processo ad Aachen,<br \/>\nlx numerosx compas curdx imprigionatx,<br \/>\nlx insortx nelle galere USA,<br \/>\nquelli di Basilea colpiti dalla repressione<br \/>\ne tuttx lx altrx che mantengono acceso il fuoco della lotta.<\/p>\n<p>Gruppo di azione in memoria di R\u00e9mi Fraisse (+26.10.2014)<\/p><\/blockquote>\n<p><strong>Fonte<\/strong>: <a href=\"https:\/\/linksunten.indymedia.org\/it\/node\/197479\">Linksunten<\/a><\/p>\n","protected":false},"excerpt":{"rendered":"<p>Berlino (Berlin), 3 ottobre 2016 In solidariet\u00e0 con tutte le persone che hanno lottato in carcere o sulle strade, &#8216;sta notte abbiamo bruciato un&#8217;auto dell&#8217;impresa costruttrice di carceri Spie. Con l&#8217;azione ci riferiamo direttamente ax compas di Tolosa che nella notte 20\/21 hanno fatto lo stesso. Spie \u00e8 una grande impresa che per esempio ha [&hellip;]<\/p>\n","protected":false},"author":12080,"featured_media":0,"comment_status":"closed","ping_status":"closed","sticky":false,"template":"","format":"standard","meta":{"footnotes":""},"categories":[6],"tags":[24],"class_list":["post-4994","post","type-post","status-publish","format-standard","hentry","category-it","tag-berlin"],"_links":{"self":[{"href":"https:\/\/chronik.noblogs.org\/index.php?rest_route=\/wp\/v2\/posts\/4994","targetHints":{"allow":["GET"]}}],"collection":[{"href":"https:\/\/chronik.noblogs.org\/index.php?rest_route=\/wp\/v2\/posts"}],"about":[{"href":"https:\/\/chronik.noblogs.org\/index.php?rest_route=\/wp\/v2\/types\/post"}],"author":[{"embeddable":true,"href":"https:\/\/chronik.noblogs.org\/index.php?rest_route=\/wp\/v2\/users\/12080"}],"replies":[{"embeddable":true,"href":"https:\/\/chronik.noblogs.org\/index.php?rest_route=%2Fwp%2Fv2%2Fcomments&post=4994"}],"version-history":[{"count":0,"href":"https:\/\/chronik.noblogs.org\/index.php?rest_route=\/wp\/v2\/posts\/4994\/revisions"}],"wp:attachment":[{"href":"https:\/\/chronik.noblogs.org\/index.php?rest_route=%2Fwp%2Fv2%2Fmedia&parent=4994"}],"wp:term":[{"taxonomy":"category","embeddable":true,"href":"https:\/\/chronik.noblogs.org\/index.php?rest_route=%2Fwp%2Fv2%2Fcategories&post=4994"},{"taxonomy":"post_tag","embeddable":true,"href":"https:\/\/chronik.noblogs.org\/index.php?rest_route=%2Fwp%2Fv2%2Ftags&post=4994"}],"curies":[{"name":"wp","href":"https:\/\/api.w.org\/{rel}","templated":true}]}}