{"id":4863,"date":"2016-11-03T00:00:14","date_gmt":"2016-11-02T22:00:14","guid":{"rendered":"http:\/\/chronik.blackblogs.org\/?p=4863"},"modified":"2016-11-03T00:00:14","modified_gmt":"2016-11-02T22:00:14","slug":"thyssenkrupp-voiture-en-feu","status":"publish","type":"post","link":"https:\/\/chronik.noblogs.org\/?p=4863","title":{"rendered":"Thyssenkrupp voiture en feu"},"content":{"rendered":"<p><strong><a href=\"https:\/\/chronik.blackblogs.org\/wp-content\/uploads\/sites\/109\/2016\/11\/196259.jpg\"><img loading=\"lazy\" decoding=\"async\" class=\"alignright size-medium wp-image-4859\" src=\"https:\/\/chronik.blackblogs.org\/wp-content\/uploads\/sites\/109\/2016\/11\/196259-300x191.jpg\" alt=\"196259\" width=\"300\" height=\"191\" \/><\/a>Dresde (Dresden)<\/strong>,\u00a0<span class=\"submitted\">3. Novembre 2016<\/span><\/p>\n<blockquote><p>Comme le rapporte la presse ce jeudi 3 novembre, un v\u00e9hicule utilitaire a cram\u00e9. C\u2019\u00e9tait nous!<\/p>\n<p>Malheureusement, l\u2019article et le rapport de la police n\u2019ont pas r\u00e9v\u00e9l\u00e9 de quelle voiture il s\u2019agissait, nous nous voyons donc contraints d\u2019expliquer l\u2019incendie. Ce n\u2019\u00e9tait pas un v\u00e9hicule \u00ab normal \u00bb que nous avons cram\u00e9, mais une voiture de \u2018Thyssenkrupp\u2019 (une entreprise de l\u2019industrie d\u2019armement).<br \/>\n<!--more--><br \/>\nContre les profiteurs de guerre et l\u2019Allemagne !<br \/>\nEn juillet \u00e0 Hambourg, attaquons le G20 !<\/p><\/blockquote>\n<p><strong>Source<\/strong>: <a href=\"https:\/\/linksunten.indymedia.org\/en\/node\/196270\">Linksunten<\/a><\/p>\n","protected":false},"excerpt":{"rendered":"<p>Dresde (Dresden),\u00a03. Novembre 2016 Comme le rapporte la presse ce jeudi 3 novembre, un v\u00e9hicule utilitaire a cram\u00e9. C\u2019\u00e9tait nous! Malheureusement, l\u2019article et le rapport de la police n\u2019ont pas r\u00e9v\u00e9l\u00e9 de quelle voiture il s\u2019agissait, nous nous voyons donc contraints d\u2019expliquer l\u2019incendie. Ce n\u2019\u00e9tait pas un v\u00e9hicule \u00ab normal \u00bb que nous avons cram\u00e9, [&hellip;]<\/p>\n","protected":false},"author":12080,"featured_media":0,"comment_status":"closed","ping_status":"closed","sticky":false,"template":"","format":"standard","meta":{"footnotes":""},"categories":[5],"tags":[52],"class_list":["post-4863","post","type-post","status-publish","format-standard","hentry","category-fr","tag-dresden"],"_links":{"self":[{"href":"https:\/\/chronik.noblogs.org\/index.php?rest_route=\/wp\/v2\/posts\/4863","targetHints":{"allow":["GET"]}}],"collection":[{"href":"https:\/\/chronik.noblogs.org\/index.php?rest_route=\/wp\/v2\/posts"}],"about":[{"href":"https:\/\/chronik.noblogs.org\/index.php?rest_route=\/wp\/v2\/types\/post"}],"author":[{"embeddable":true,"href":"https:\/\/chronik.noblogs.org\/index.php?rest_route=\/wp\/v2\/users\/12080"}],"replies":[{"embeddable":true,"href":"https:\/\/chronik.noblogs.org\/index.php?rest_route=%2Fwp%2Fv2%2Fcomments&post=4863"}],"version-history":[{"count":0,"href":"https:\/\/chronik.noblogs.org\/index.php?rest_route=\/wp\/v2\/posts\/4863\/revisions"}],"wp:attachment":[{"href":"https:\/\/chronik.noblogs.org\/index.php?rest_route=%2Fwp%2Fv2%2Fmedia&parent=4863"}],"wp:term":[{"taxonomy":"category","embeddable":true,"href":"https:\/\/chronik.noblogs.org\/index.php?rest_route=%2Fwp%2Fv2%2Fcategories&post=4863"},{"taxonomy":"post_tag","embeddable":true,"href":"https:\/\/chronik.noblogs.org\/index.php?rest_route=%2Fwp%2Fv2%2Ftags&post=4863"}],"curies":[{"name":"wp","href":"https:\/\/api.w.org\/{rel}","templated":true}]}}