{"id":4829,"date":"2016-10-28T00:00:09","date_gmt":"2016-10-27T22:00:09","guid":{"rendered":"http:\/\/chronik.blackblogs.org\/?p=4829"},"modified":"2016-10-28T00:00:09","modified_gmt":"2016-10-27T22:00:09","slug":"farbe-gegen-haeuser-von-zwei-rechten","status":"publish","type":"post","link":"https:\/\/chronik.noblogs.org\/?p=4829","title":{"rendered":"Farbe gegen H\u00e4user von zwei Rechten"},"content":{"rendered":"<p><strong><a href=\"https:\/\/chronik.blackblogs.org\/wp-content\/uploads\/sites\/109\/2016\/10\/1391570508.jpg\"><img loading=\"lazy\" decoding=\"async\" class=\"alignright size-medium wp-image-4947\" src=\"https:\/\/chronik.blackblogs.org\/wp-content\/uploads\/sites\/109\/2016\/10\/1391570508-300x225.jpg\" alt=\"1391570508\" width=\"300\" height=\"225\" \/><\/a>N\u00fcrnberg<\/strong>, 28. Oktober 2016<\/p>\n<blockquote><p>In der Nacht vom 27. auf den 28. Oktober wurden zwei N\u00fcrnberger Rassisten bei Ihren Adressen besucht. Bei diesen Personen handelt es sich um Mitglieder der Rechten und der AfD N\u00fcrnberg.<\/p>\n<p>1. Streich<br \/>\nDieser erfolgte beim AfD N\u00fcrnberg Beisitzer und Mitglied Klaus Wahner. Seine Hausfassade wurde gro\u00dffl\u00e4chig verschmutzt. Auch wurde sein Firmenwagen Ziel des Angriffs.<br \/>\n<!--more--><br \/>\n<a href=\"https:\/\/chronik.blackblogs.org\/wp-content\/uploads\/sites\/109\/2016\/10\/5846109945.jpg\"><img loading=\"lazy\" decoding=\"async\" class=\"alignright size-medium wp-image-4946\" src=\"https:\/\/chronik.blackblogs.org\/wp-content\/uploads\/sites\/109\/2016\/10\/5846109945-300x225.jpg\" alt=\"5846109945\" width=\"300\" height=\"225\" \/><\/a>Adresse: Maffeiplatz 15a<\/p>\n<p>2. Streich<br \/>\nDen zweiten Halloween-Besuch bekam Rainer Biller, Mitglied der Partei &#8220;Die Rechten N\u00fcrnberg&#8221;. Er tritt seit Jahren als aktiver Neonazi bei rechten Veranstaltungen in Erscheinungen. Sein Haus wurde daher ebenfalls Ziel der n\u00e4chtlichen Attacke<\/p>\n<p>Adresse: Salzbrunnerstra\u00dfe 15<\/p>\n<p>Rassisten entschlossen entgegentreten!<\/p><\/blockquote>\n<p><strong>Quelle<\/strong>: <a href=\"https:\/\/linksunten.indymedia.org\/en\/node\/195946\">Linksunten<\/a><\/p>\n","protected":false},"excerpt":{"rendered":"<p>N\u00fcrnberg, 28. Oktober 2016 In der Nacht vom 27. auf den 28. Oktober wurden zwei N\u00fcrnberger Rassisten bei Ihren Adressen besucht. Bei diesen Personen handelt es sich um Mitglieder der Rechten und der AfD N\u00fcrnberg. 1. Streich Dieser erfolgte beim AfD N\u00fcrnberg Beisitzer und Mitglied Klaus Wahner. Seine Hausfassade wurde gro\u00dffl\u00e4chig verschmutzt. Auch wurde sein [&hellip;]<\/p>\n","protected":false},"author":12080,"featured_media":0,"comment_status":"closed","ping_status":"closed","sticky":false,"template":"","format":"standard","meta":{"footnotes":""},"categories":[2],"tags":[146],"class_list":["post-4829","post","type-post","status-publish","format-standard","hentry","category-de","tag-nuernberg"],"_links":{"self":[{"href":"https:\/\/chronik.noblogs.org\/index.php?rest_route=\/wp\/v2\/posts\/4829","targetHints":{"allow":["GET"]}}],"collection":[{"href":"https:\/\/chronik.noblogs.org\/index.php?rest_route=\/wp\/v2\/posts"}],"about":[{"href":"https:\/\/chronik.noblogs.org\/index.php?rest_route=\/wp\/v2\/types\/post"}],"author":[{"embeddable":true,"href":"https:\/\/chronik.noblogs.org\/index.php?rest_route=\/wp\/v2\/users\/12080"}],"replies":[{"embeddable":true,"href":"https:\/\/chronik.noblogs.org\/index.php?rest_route=%2Fwp%2Fv2%2Fcomments&post=4829"}],"version-history":[{"count":0,"href":"https:\/\/chronik.noblogs.org\/index.php?rest_route=\/wp\/v2\/posts\/4829\/revisions"}],"wp:attachment":[{"href":"https:\/\/chronik.noblogs.org\/index.php?rest_route=%2Fwp%2Fv2%2Fmedia&parent=4829"}],"wp:term":[{"taxonomy":"category","embeddable":true,"href":"https:\/\/chronik.noblogs.org\/index.php?rest_route=%2Fwp%2Fv2%2Fcategories&post=4829"},{"taxonomy":"post_tag","embeddable":true,"href":"https:\/\/chronik.noblogs.org\/index.php?rest_route=%2Fwp%2Fv2%2Ftags&post=4829"}],"curies":[{"name":"wp","href":"https:\/\/api.w.org\/{rel}","templated":true}]}}