{"id":4825,"date":"2016-11-04T00:00:13","date_gmt":"2016-11-03T22:00:13","guid":{"rendered":"http:\/\/chronik.blackblogs.org\/?p=4825"},"modified":"2016-11-04T00:00:13","modified_gmt":"2016-11-03T22:00:13","slug":"angriff-auf-tuerkischen-kulturverein","status":"publish","type":"post","link":"https:\/\/chronik.noblogs.org\/?p=4825","title":{"rendered":"Angriff auf \u201eT\u00fcrkischen Kulturverein\u201c"},"content":{"rendered":"<p><strong>Bad Oeynhausen<\/strong>, <span class=\"submitted\">4. November 2016<\/span><\/p>\n<blockquote><p>Seit Monaten setzt der t\u00fcrkische Staat seinen Vernichtungsangriff auf alle freiheitsliebenden Menschen, allen voran den KurdInnen und AlevitInnen, Frauen und der Jugend, DemokratInnen, Revolution\u00e4re und SozialistInnen fort. Mit der Unterst\u00fctzung des Westens, insbesondere der BRD, baut Recep Tayyip Erdogan Schritt f\u00fcr Schritt seine totalit\u00e4re faschistische Diktatur auf. Die Verhaftung, Entlassung und Folter von kurdischen und sozialistischen PolitikerInnen, JournalistInnen, LehrerInnen und Studierenden zeigt uns allen, dass friedliche Politik in der T\u00fcrkei und Europa nichts mehr bringt.<br \/>\n<!--more--><br \/>\nIn der Nacht vom 3. auf den 4. November haben wir, die Apoistische Jugendinitiative NRW \u2013 Racheteam Seh\u00eed Cekdar Botan, den faschistischen Verein \u201eT\u00fcrkischer Kulturverein\u201c in Bad Oeynhausen angegriffen. Dieser Angriff gilt als Racheakt f\u00fcr die Gefallenen Guerillak\u00e4mpferInnen von Dersim, die am 22. Oktober 2016 bei einem Luftangriff ums Leben gekommen sind.<\/p>\n<p>Der \u201eT\u00fcrkische Kulturverein\u201c in Bad Oeynhausen ist eine Organisation, die den Aufbau des Faschismus in der T\u00fcrkei unterst\u00fctzt. Er f\u00fchrt hier ideologische Arbeit in Deutschland durch. Als Apoistische Jugendinitiative NRW werden wir solange unsere Aktionen fortf\u00fchren, bis der letzte faschistische Verein geschlossen, Erdogan gest\u00fcrzt und die V\u00f6lker im Mittleren Ostens befreit sind. Hierzu rufen wir alle Revolution\u00e4rInnen, InternationalistInnen und SozialistInnen dazu auf, militante Aktionen gegen Personen und Institutionen des t\u00fcrkischen Staates sowie ihre deutschen Unterst\u00fctzerInnen durchzuf\u00fchren.<\/p>\n<p>Wir begr\u00fc\u00dfen hiermit auch die kurdische Jugend in Paris, die beeindruckende Angriffe auf Vertretungen des t\u00fcrkischen Staates in Paris durchgef\u00fchrt hat.<\/p>\n<p>Revolution\u00e4re Gr\u00fc\u00dfe,<\/p>\n<p>Apoistische Jugendinitiative NRW<br \/>\nRacheteam Cekdar Botan, 6. November 2016<\/p><\/blockquote>\n<p><strong>Quelle<\/strong>: <a href=\"https:\/\/linksunten.indymedia.org\/en\/node\/196085\">Linksunten<\/a><\/p>\n","protected":false},"excerpt":{"rendered":"<p>Bad Oeynhausen, 4. November 2016 Seit Monaten setzt der t\u00fcrkische Staat seinen Vernichtungsangriff auf alle freiheitsliebenden Menschen, allen voran den KurdInnen und AlevitInnen, Frauen und der Jugend, DemokratInnen, Revolution\u00e4re und SozialistInnen fort. Mit der Unterst\u00fctzung des Westens, insbesondere der BRD, baut Recep Tayyip Erdogan Schritt f\u00fcr Schritt seine totalit\u00e4re faschistische Diktatur auf. Die Verhaftung, Entlassung [&hellip;]<\/p>\n","protected":false},"author":12080,"featured_media":0,"comment_status":"closed","ping_status":"closed","sticky":false,"template":"","format":"standard","meta":{"footnotes":""},"categories":[2],"tags":[16],"class_list":["post-4825","post","type-post","status-publish","format-standard","hentry","category-de","tag-bad-oeynhausen"],"_links":{"self":[{"href":"https:\/\/chronik.noblogs.org\/index.php?rest_route=\/wp\/v2\/posts\/4825","targetHints":{"allow":["GET"]}}],"collection":[{"href":"https:\/\/chronik.noblogs.org\/index.php?rest_route=\/wp\/v2\/posts"}],"about":[{"href":"https:\/\/chronik.noblogs.org\/index.php?rest_route=\/wp\/v2\/types\/post"}],"author":[{"embeddable":true,"href":"https:\/\/chronik.noblogs.org\/index.php?rest_route=\/wp\/v2\/users\/12080"}],"replies":[{"embeddable":true,"href":"https:\/\/chronik.noblogs.org\/index.php?rest_route=%2Fwp%2Fv2%2Fcomments&post=4825"}],"version-history":[{"count":0,"href":"https:\/\/chronik.noblogs.org\/index.php?rest_route=\/wp\/v2\/posts\/4825\/revisions"}],"wp:attachment":[{"href":"https:\/\/chronik.noblogs.org\/index.php?rest_route=%2Fwp%2Fv2%2Fmedia&parent=4825"}],"wp:term":[{"taxonomy":"category","embeddable":true,"href":"https:\/\/chronik.noblogs.org\/index.php?rest_route=%2Fwp%2Fv2%2Fcategories&post=4825"},{"taxonomy":"post_tag","embeddable":true,"href":"https:\/\/chronik.noblogs.org\/index.php?rest_route=%2Fwp%2Fv2%2Ftags&post=4825"}],"curies":[{"name":"wp","href":"https:\/\/api.w.org\/{rel}","templated":true}]}}