{"id":4802,"date":"2016-10-30T00:00:10","date_gmt":"2016-10-29T22:00:10","guid":{"rendered":"http:\/\/chronik.blackblogs.org\/?p=4802"},"modified":"2016-10-30T00:00:10","modified_gmt":"2016-10-29T22:00:10","slug":"steine-gegen-nazireisegruppe","status":"publish","type":"post","link":"https:\/\/chronik.noblogs.org\/?p=4802","title":{"rendered":"Steine gegen Nazireisegruppe"},"content":{"rendered":"<p><strong>Wiesbaden<\/strong>, 30. Oktober 2016<\/p>\n<blockquote><p>Wir haben heute mehrere abreisende Nazis vom \u201eIII. Weg\u201c auf dem Parkplatz zwischen HBF und Schlachthof angegriffen. Eigentlich keine gr\u00f6\u00dfere Erkl\u00e4rung wert, menschenverachtende Tendenzen werden von uns jederzeit und \u00fcberall bek\u00e4mpft. Da zur Zeit jedoch Leute offenbar deshalb festgenommen werden, haben wir uns entschlossen uns ausnahmsweise zu bekennen. Wir gehen davon aus, dass es sich bei den Festgenommen um die weiteren (vermutlichen) linken Gr\u00fcppchen auf dem Parkplatz handelt, wir sind jedenfalls alle gut nach Hause gekommen.<br \/>\n<!--more--><br \/>\nWir haben die Nazigruppe bewusst erst in ihren Autos angegriffen, schlie\u00dflich waren sie mit Kinderwagen unterwegs. Aus diesem Grund haben wir auch den hinteren, silbernen Kombi angegriffen, obwohl der vordere Sprinter mehr Faschisten transportierte, jedoch auch das Kleinkind. Der Kombi verlor beide linken Seitenscheiben, die vordere zuerst. Der \u201em\u00e4nnliche, \u00e4ltere\u201c Fahrer war sichtlich erschreckt. Dies haben wir nicht wie die Bullen behaupten mit Pflastersteinen gemacht, sondern mit kleineren Steinen wie sie beispielsweise im Gleisbett zu finden sind. Wir denken das sollte genug T\u00e4terwissen im Selbstbezichtigungsschreiben sein, den Rest d\u00fcrfen die idiotischen Bullen gerne selbst ermitteln.<\/p>\n<p>In diesem Sinne, schlagt die Faschisten wo ihr sie trefft! Wehret den Anf\u00e4ngen!<\/p><\/blockquote>\n<p><strong>Quelle<\/strong>: <a href=\"https:\/\/linksunten.indymedia.org\/en\/node\/195348\">Linksunten<\/a><\/p>\n","protected":false},"excerpt":{"rendered":"<p>Wiesbaden, 30. Oktober 2016 Wir haben heute mehrere abreisende Nazis vom \u201eIII. Weg\u201c auf dem Parkplatz zwischen HBF und Schlachthof angegriffen. Eigentlich keine gr\u00f6\u00dfere Erkl\u00e4rung wert, menschenverachtende Tendenzen werden von uns jederzeit und \u00fcberall bek\u00e4mpft. Da zur Zeit jedoch Leute offenbar deshalb festgenommen werden, haben wir uns entschlossen uns ausnahmsweise zu bekennen. Wir gehen davon [&hellip;]<\/p>\n","protected":false},"author":12080,"featured_media":0,"comment_status":"closed","ping_status":"closed","sticky":false,"template":"","format":"standard","meta":{"footnotes":""},"categories":[2],"tags":[218],"class_list":["post-4802","post","type-post","status-publish","format-standard","hentry","category-de","tag-wiesbaden"],"_links":{"self":[{"href":"https:\/\/chronik.noblogs.org\/index.php?rest_route=\/wp\/v2\/posts\/4802","targetHints":{"allow":["GET"]}}],"collection":[{"href":"https:\/\/chronik.noblogs.org\/index.php?rest_route=\/wp\/v2\/posts"}],"about":[{"href":"https:\/\/chronik.noblogs.org\/index.php?rest_route=\/wp\/v2\/types\/post"}],"author":[{"embeddable":true,"href":"https:\/\/chronik.noblogs.org\/index.php?rest_route=\/wp\/v2\/users\/12080"}],"replies":[{"embeddable":true,"href":"https:\/\/chronik.noblogs.org\/index.php?rest_route=%2Fwp%2Fv2%2Fcomments&post=4802"}],"version-history":[{"count":0,"href":"https:\/\/chronik.noblogs.org\/index.php?rest_route=\/wp\/v2\/posts\/4802\/revisions"}],"wp:attachment":[{"href":"https:\/\/chronik.noblogs.org\/index.php?rest_route=%2Fwp%2Fv2%2Fmedia&parent=4802"}],"wp:term":[{"taxonomy":"category","embeddable":true,"href":"https:\/\/chronik.noblogs.org\/index.php?rest_route=%2Fwp%2Fv2%2Fcategories&post=4802"},{"taxonomy":"post_tag","embeddable":true,"href":"https:\/\/chronik.noblogs.org\/index.php?rest_route=%2Fwp%2Fv2%2Ftags&post=4802"}],"curies":[{"name":"wp","href":"https:\/\/api.w.org\/{rel}","templated":true}]}}