{"id":4692,"date":"2016-10-18T00:00:26","date_gmt":"2016-10-17T22:00:26","guid":{"rendered":"http:\/\/chronik.blackblogs.org\/?p=4692"},"modified":"2016-10-18T00:00:26","modified_gmt":"2016-10-17T22:00:26","slug":"nazikarre-abgefackelt","status":"publish","type":"post","link":"https:\/\/chronik.noblogs.org\/?p=4692","title":{"rendered":"Nazikarre abgefackelt"},"content":{"rendered":"<p><strong><a href=\"https:\/\/chronik.blackblogs.org\/wp-content\/uploads\/sites\/109\/2016\/10\/194051.jpg\"><img loading=\"lazy\" decoding=\"async\" class=\"alignright size-medium wp-image-4693\" src=\"https:\/\/chronik.blackblogs.org\/wp-content\/uploads\/sites\/109\/2016\/10\/194051-300x199.jpg\" alt=\"194051\" width=\"300\" height=\"199\" \/><\/a>L\u00fcbeck<\/strong>, <span class=\"submitted\">18. Oktober 2016<\/span><\/p>\n<blockquote><p>es knallt nicht zum ersten mal bei patrick schulz vor der haust\u00fcr in der stadtweide 22. heute nacht wurde sein auto hl p 17 angez\u00fcndet. die bilder lassen auf wirtschaftlichen totalschaden schlie\u00dfen.<\/p>\n<p>schulz und seine nazifreunde sind seit jahren in l\u00fcbeck als neonazis aktiv. so beteiligte sich schulz im august 2015 an einem \u00fcbergriff auf eine unterkunft f\u00fcr gefl\u00fcchtete im l\u00fcbecker stadtteil st. gertrud und auf angriffe gegen politische gegner*innen nach der nazidemo im bad oldesloe im april 2016. auch in zukunft werden wir ihn und seine neonazifreunde im blick haben!<br \/>\n<!--more--><br \/>\nwir rufen alle antifaschist*innen dazu auf sich entschlossen am kommenden samstag den nazis in neum\u00fcnster entgegen zu stellen. bildet euch, bildet andere, kommt zahlreich.<\/p>\n<p>schenkt den nazis nichts und nehmt ihnen alles: greift an.<\/p><\/blockquote>\n<p><strong>Quelle<\/strong>: <a href=\"https:\/\/linksunten.indymedia.org\/de\/node\/194050\">Linksunten<\/a><\/p>\n<p>&nbsp;<\/p>\n<!-- Here be dragons but no images. -->\n","protected":false},"excerpt":{"rendered":"<p>L\u00fcbeck, 18. Oktober 2016 es knallt nicht zum ersten mal bei patrick schulz vor der haust\u00fcr in der stadtweide 22. heute nacht wurde sein auto hl p 17 angez\u00fcndet. die bilder lassen auf wirtschaftlichen totalschaden schlie\u00dfen. schulz und seine nazifreunde sind seit jahren in l\u00fcbeck als neonazis aktiv. so beteiligte sich schulz im august 2015 [&hellip;]<\/p>\n","protected":false},"author":12080,"featured_media":0,"comment_status":"closed","ping_status":"closed","sticky":false,"template":"","format":"standard","meta":{"footnotes":""},"categories":[2],"tags":[121],"class_list":["post-4692","post","type-post","status-publish","format-standard","hentry","category-de","tag-luebeck"],"_links":{"self":[{"href":"https:\/\/chronik.noblogs.org\/index.php?rest_route=\/wp\/v2\/posts\/4692","targetHints":{"allow":["GET"]}}],"collection":[{"href":"https:\/\/chronik.noblogs.org\/index.php?rest_route=\/wp\/v2\/posts"}],"about":[{"href":"https:\/\/chronik.noblogs.org\/index.php?rest_route=\/wp\/v2\/types\/post"}],"author":[{"embeddable":true,"href":"https:\/\/chronik.noblogs.org\/index.php?rest_route=\/wp\/v2\/users\/12080"}],"replies":[{"embeddable":true,"href":"https:\/\/chronik.noblogs.org\/index.php?rest_route=%2Fwp%2Fv2%2Fcomments&post=4692"}],"version-history":[{"count":0,"href":"https:\/\/chronik.noblogs.org\/index.php?rest_route=\/wp\/v2\/posts\/4692\/revisions"}],"wp:attachment":[{"href":"https:\/\/chronik.noblogs.org\/index.php?rest_route=%2Fwp%2Fv2%2Fmedia&parent=4692"}],"wp:term":[{"taxonomy":"category","embeddable":true,"href":"https:\/\/chronik.noblogs.org\/index.php?rest_route=%2Fwp%2Fv2%2Fcategories&post=4692"},{"taxonomy":"post_tag","embeddable":true,"href":"https:\/\/chronik.noblogs.org\/index.php?rest_route=%2Fwp%2Fv2%2Ftags&post=4692"}],"curies":[{"name":"wp","href":"https:\/\/api.w.org\/{rel}","templated":true}]}}