{"id":4630,"date":"2016-10-03T00:00:23","date_gmt":"2016-10-02T22:00:23","guid":{"rendered":"http:\/\/chronik.blackblogs.org\/?p=4630"},"modified":"2016-10-03T00:00:23","modified_gmt":"2016-10-02T22:00:23","slug":"farbe-gegen-kriegerdenkmal-2","status":"publish","type":"post","link":"https:\/\/chronik.noblogs.org\/?p=4630","title":{"rendered":"Farbe gegen Kriegerdenkmal"},"content":{"rendered":"<p><strong>Frankfurt am Main<\/strong>, 3. Oktober 2016<\/p>\n<blockquote><p>In der Nacht vom 02.10-03.10 haben wir dem Kriegerdenkmal in Bockenheim einen neuen Anstrich verpasst. Das geschichtsrevisionistische Schandmal verkl\u00e4rt die M\u00f6rderbanden von SS und Wehrmacht zu Helden.<br \/>\n<!--more--><br \/>\nHiermit senden wir solidarische Gr\u00fc\u00dfe an die k\u00e4mpfenden Genoss*innen, welche sich den vor Deutscht\u00fcmelei strotzenden Einheitsfeierlichkeiten in den Weg stellen.<\/p>\n<p>Nationalismus ist keine Alternative!<\/p><\/blockquote>\n<p><strong>Quelle<\/strong>: <a href=\"https:\/\/linksunten.indymedia.org\/de\/node\/192436\">Linksunten<\/a><\/p>\n","protected":false},"excerpt":{"rendered":"<p>Frankfurt am Main, 3. Oktober 2016 In der Nacht vom 02.10-03.10 haben wir dem Kriegerdenkmal in Bockenheim einen neuen Anstrich verpasst. Das geschichtsrevisionistische Schandmal verkl\u00e4rt die M\u00f6rderbanden von SS und Wehrmacht zu Helden.<\/p>\n","protected":false},"author":12080,"featured_media":0,"comment_status":"closed","ping_status":"closed","sticky":false,"template":"","format":"standard","meta":{"footnotes":""},"categories":[2],"tags":[68],"class_list":["post-4630","post","type-post","status-publish","format-standard","hentry","category-de","tag-frankfurt-am-main"],"_links":{"self":[{"href":"https:\/\/chronik.noblogs.org\/index.php?rest_route=\/wp\/v2\/posts\/4630","targetHints":{"allow":["GET"]}}],"collection":[{"href":"https:\/\/chronik.noblogs.org\/index.php?rest_route=\/wp\/v2\/posts"}],"about":[{"href":"https:\/\/chronik.noblogs.org\/index.php?rest_route=\/wp\/v2\/types\/post"}],"author":[{"embeddable":true,"href":"https:\/\/chronik.noblogs.org\/index.php?rest_route=\/wp\/v2\/users\/12080"}],"replies":[{"embeddable":true,"href":"https:\/\/chronik.noblogs.org\/index.php?rest_route=%2Fwp%2Fv2%2Fcomments&post=4630"}],"version-history":[{"count":0,"href":"https:\/\/chronik.noblogs.org\/index.php?rest_route=\/wp\/v2\/posts\/4630\/revisions"}],"wp:attachment":[{"href":"https:\/\/chronik.noblogs.org\/index.php?rest_route=%2Fwp%2Fv2%2Fmedia&parent=4630"}],"wp:term":[{"taxonomy":"category","embeddable":true,"href":"https:\/\/chronik.noblogs.org\/index.php?rest_route=%2Fwp%2Fv2%2Fcategories&post=4630"},{"taxonomy":"post_tag","embeddable":true,"href":"https:\/\/chronik.noblogs.org\/index.php?rest_route=%2Fwp%2Fv2%2Ftags&post=4630"}],"curies":[{"name":"wp","href":"https:\/\/api.w.org\/{rel}","templated":true}]}}