{"id":4605,"date":"2016-08-25T00:00:41","date_gmt":"2016-08-24T22:00:41","guid":{"rendered":"http:\/\/chronik.blackblogs.org\/?p=4605"},"modified":"2016-08-25T00:00:41","modified_gmt":"2016-08-24T22:00:41","slug":"acido-butirrico-a-ufficio-afd","status":"publish","type":"post","link":"https:\/\/chronik.noblogs.org\/?p=4605","title":{"rendered":"Acido butirrico a ufficio AfD"},"content":{"rendered":"<p><strong>Monaco (M\u00fcnchen)<\/strong>, 25 agosto 2016<\/p>\n<blockquote><p>AfD, insieme alla CSU bavarese, \u00e8 la forza politica che spinge a destra. \u00c8 riuscita a raccogliere lx perdenti della crisi sociale ed i profittatori di quest&#8217;ultima in un progetto comune che collega un programma radicalmente neoliberale al nazionalismo antifemminismo e razzismo. Il suo darwinismo sociale rammenta il fascismo storico.<br \/>\n<!--more--><br \/>\nEcco perch\u00e8 nella notte dal 25\/8 al 26\/8 abbiamo attaccato l&#8217;ufficio del partito AfD in via Fasanen 68\u00a0 con l&#8217;acido butirrico.<\/p>\n<p>Attaccare AfD e i nazi. Contrastare il razzismo che viene dal centro della borghesia.<br \/>\nPer un antifascismo offensivo e militante!<br \/>\nSabotare il regime di frontiera dell&#8217;Europa!<\/p><\/blockquote>\n<p><strong>Fonte<\/strong>: <a href=\"https:\/\/linksunten.indymedia.org\/it\/node\/191420\">Linksunten<\/a><\/p>\n","protected":false},"excerpt":{"rendered":"<p>Monaco (M\u00fcnchen), 25 agosto 2016 AfD, insieme alla CSU bavarese, \u00e8 la forza politica che spinge a destra. \u00c8 riuscita a raccogliere lx perdenti della crisi sociale ed i profittatori di quest&#8217;ultima in un progetto comune che collega un programma radicalmente neoliberale al nazionalismo antifemminismo e razzismo. Il suo darwinismo sociale rammenta il fascismo storico.<\/p>\n","protected":false},"author":12080,"featured_media":0,"comment_status":"closed","ping_status":"closed","sticky":false,"template":"","format":"standard","meta":{"footnotes":""},"categories":[6],"tags":[138],"class_list":["post-4605","post","type-post","status-publish","format-standard","hentry","category-it","tag-muenchen"],"_links":{"self":[{"href":"https:\/\/chronik.noblogs.org\/index.php?rest_route=\/wp\/v2\/posts\/4605","targetHints":{"allow":["GET"]}}],"collection":[{"href":"https:\/\/chronik.noblogs.org\/index.php?rest_route=\/wp\/v2\/posts"}],"about":[{"href":"https:\/\/chronik.noblogs.org\/index.php?rest_route=\/wp\/v2\/types\/post"}],"author":[{"embeddable":true,"href":"https:\/\/chronik.noblogs.org\/index.php?rest_route=\/wp\/v2\/users\/12080"}],"replies":[{"embeddable":true,"href":"https:\/\/chronik.noblogs.org\/index.php?rest_route=%2Fwp%2Fv2%2Fcomments&post=4605"}],"version-history":[{"count":0,"href":"https:\/\/chronik.noblogs.org\/index.php?rest_route=\/wp\/v2\/posts\/4605\/revisions"}],"wp:attachment":[{"href":"https:\/\/chronik.noblogs.org\/index.php?rest_route=%2Fwp%2Fv2%2Fmedia&parent=4605"}],"wp:term":[{"taxonomy":"category","embeddable":true,"href":"https:\/\/chronik.noblogs.org\/index.php?rest_route=%2Fwp%2Fv2%2Fcategories&post=4605"},{"taxonomy":"post_tag","embeddable":true,"href":"https:\/\/chronik.noblogs.org\/index.php?rest_route=%2Fwp%2Fv2%2Ftags&post=4605"}],"curies":[{"name":"wp","href":"https:\/\/api.w.org\/{rel}","templated":true}]}}