{"id":4577,"date":"2016-09-15T00:00:04","date_gmt":"2016-09-14T22:00:04","guid":{"rendered":"http:\/\/chronik.blackblogs.org\/?p=4577"},"modified":"2016-09-15T00:00:04","modified_gmt":"2016-09-14T22:00:04","slug":"farbe-und-steinen-gegen-jobcenter","status":"publish","type":"post","link":"https:\/\/chronik.noblogs.org\/?p=4577","title":{"rendered":"Farbe und Steinen gegen Jobcenter"},"content":{"rendered":"<p><strong>Berlin<\/strong>, 15. September 2016<\/p>\n<blockquote><p>Das Jobcenter Wedding kommt nicht zur Ruhe. In der Nacht hagelte es erneut Steine auf das Geb\u00e4ude. Die Fassade wurde beschmiert.<\/p>\n<p>Seit Monaten gibt es immer wieder Angriffe auf das Jobcenter Wedding in der M\u00fcllerstra\u00dfe. Die bisher schwersten Ausschreitungen gab es Ende Juni, als etwa 100 Vermummte randalierend durch Wedding zogen und das Jobcenter attackierten. Die Ermittler vermuteten damals einen Zusammenhang mit Polizeieins\u00e4tzen in dem von Autonomen bewohnten Haus in der Rigaer Stra\u00dfe 94.<br \/>\n<!--more--><br \/>\nDiesmal wurden Fenster durch Steinw\u00fcrfe besch\u00e4digt. Auch die Fassade wies Schmierereien auf. Mitarbeiter des Wachschutzes hatten gegen 5.30 Uhr die Sch\u00e4den bemerkt und die Polizei alarmiert. Der Staatsschutz ermittelt.<\/p><\/blockquote>\n<p><strong>Quelle<\/strong>: <a href=\"https:\/\/linksunten.indymedia.org\/en\/node\/190558\">Berliner Morgenpost<\/a><\/p>\n","protected":false},"excerpt":{"rendered":"<p>Berlin, 15. September 2016 Das Jobcenter Wedding kommt nicht zur Ruhe. In der Nacht hagelte es erneut Steine auf das Geb\u00e4ude. Die Fassade wurde beschmiert. Seit Monaten gibt es immer wieder Angriffe auf das Jobcenter Wedding in der M\u00fcllerstra\u00dfe. Die bisher schwersten Ausschreitungen gab es Ende Juni, als etwa 100 Vermummte randalierend durch Wedding zogen [&hellip;]<\/p>\n","protected":false},"author":12080,"featured_media":0,"comment_status":"closed","ping_status":"closed","sticky":false,"template":"","format":"standard","meta":{"footnotes":""},"categories":[2],"tags":[24],"class_list":["post-4577","post","type-post","status-publish","format-standard","hentry","category-de","tag-berlin"],"_links":{"self":[{"href":"https:\/\/chronik.noblogs.org\/index.php?rest_route=\/wp\/v2\/posts\/4577","targetHints":{"allow":["GET"]}}],"collection":[{"href":"https:\/\/chronik.noblogs.org\/index.php?rest_route=\/wp\/v2\/posts"}],"about":[{"href":"https:\/\/chronik.noblogs.org\/index.php?rest_route=\/wp\/v2\/types\/post"}],"author":[{"embeddable":true,"href":"https:\/\/chronik.noblogs.org\/index.php?rest_route=\/wp\/v2\/users\/12080"}],"replies":[{"embeddable":true,"href":"https:\/\/chronik.noblogs.org\/index.php?rest_route=%2Fwp%2Fv2%2Fcomments&post=4577"}],"version-history":[{"count":0,"href":"https:\/\/chronik.noblogs.org\/index.php?rest_route=\/wp\/v2\/posts\/4577\/revisions"}],"wp:attachment":[{"href":"https:\/\/chronik.noblogs.org\/index.php?rest_route=%2Fwp%2Fv2%2Fmedia&parent=4577"}],"wp:term":[{"taxonomy":"category","embeddable":true,"href":"https:\/\/chronik.noblogs.org\/index.php?rest_route=%2Fwp%2Fv2%2Fcategories&post=4577"},{"taxonomy":"post_tag","embeddable":true,"href":"https:\/\/chronik.noblogs.org\/index.php?rest_route=%2Fwp%2Fv2%2Ftags&post=4577"}],"curies":[{"name":"wp","href":"https:\/\/api.w.org\/{rel}","templated":true}]}}