{"id":4563,"date":"2016-09-18T00:00:24","date_gmt":"2016-09-17T22:00:24","guid":{"rendered":"http:\/\/chronik.blackblogs.org\/?p=4563"},"modified":"2016-09-18T00:00:24","modified_gmt":"2016-09-17T22:00:24","slug":"steine-und-farbe-gegen-neubauten","status":"publish","type":"post","link":"https:\/\/chronik.noblogs.org\/?p=4563","title":{"rendered":"Steine und Farbe gegen Neubauten"},"content":{"rendered":"<p><strong>Berlin<\/strong>, <span class=\"submitted\">18. September 2016<\/span><\/p>\n<blockquote><p>Am 18.09.2016 Wurden die Luxusneubauten Rigaer Stra\u00dfe 71 &#8211; 73 angegriffen Ruhig ist es geworden um die Rigaer Stra\u00dfe. Nach dem \u00dcberfall von Henkel und seinen Bullen mit anschlie\u00dfender Belagerung der R 94 vor zwei Monaten scheint die Anzahl der militanten Angriffe in und um die Rigaer Stra\u00dfe zur\u00fcckgegangen zu sein.<br \/>\n<!--more--><br \/>\nDie Gr\u00fcnde daf\u00fcr m\u00f6gen vielf\u00e4ltig sein, vor allem aber sind sie nur tempor\u00e4r. Klar ist, dass der Kiez zusammengeschwei\u00dft wurde, dass all die Bewohner*innen n\u00e4her zusammenger\u00fcckt sind, denn es hat sich gezeigt, dass die Angst der Bewohner*innen im Kiez, die Angst vor Aufwertung bzw. daraus resultierende steigende Mieten und die infrastrukturelle Anpassung an eine zahlungskr\u00e4ftigere, hippe Nachbarschaft, reinkonstruiert in einen rebellischen Kiez, vor keinem Menschen halt macht. W\u00e4hrend immer mehr langj\u00e4hrige Kiezbewohner*innen wegziehen m\u00fcssen, weil ihre Mieten steigen und steigen, sprie\u00dfen Eigentumslofts und Gated Communities wie Pilze aus dem Boden. Projekte, die sich aus dem Kiez kein Mensch leisten k\u00f6nnte, ziehen Pseudoalternative, Hipstars und finanzstarke Kleinfamilien an, die sich alle am oberen Rand der Mittelschicht sammeln und mittelfristig versuchen das Sozialgef\u00fcge im Kiez aufzul\u00f6sen, sowie s\u00e4mtliche politische Widerst\u00e4ndigkeit zu verwaschen.<\/p>\n<p>Die CG Gruppe, ein Konsortium genau dieses Klientels, will nun ein weiteres dieser Neubauprojekte in unseren Kiez setzen. Das Sama Rigaer Caree soll getreu der Investor*innendoktrin f\u00fcr Friedrichshain als soziales Projekt verkauft werden, die Mieten k\u00f6nnte sich aber wohl kaum einer der Menschen leisten, die aus dem Kiez wegziehen m\u00fcssen, weil ihre Mieten dem Mietspiegel angepasst werden.<\/p>\n<p>\u201eWer hier Kauft kauft \u00c4rger!\u201c so die klare Ansage eines rebellischen Kiezes! Mit diesem Motto l\u00e4sst sich dem Abriss der denkmalgesch\u00fctzten H\u00e4user Rigaer Stra\u00dfe 71 bis 73 genauso begegnen wie der Luxusbebauung des \u201eBambilands\u201c. Riesige Kl\u00f6tze aus schicken Fassaden und Glas beherbergen gro\u00dfe Eigentumswohnungen mit Tiefgaragen, von denen sie sich leisten zu k\u00f6nnen alle im Kiez weit entfernt sind. Drumherum hohe Z\u00e4une, Wachschutz und Objektschutzbestreifung als Begleiterscheinungen.<\/p>\n<p>Sektempfang statt Vok\u00fc soll das neue Szenechick werden.<\/p>\n<p>Das lassen wir uns nicht gefallen! Denn der Rigaer-Kiez ist nicht nur widerst\u00e4ndig, er geh\u00f6rt uns allen, allen Menschen, die sich solidarisch mit dem Projekt selbstorganisierter Kiz zeigen.<br \/>\nDarum haben wir diese Geb\u00e4ude auf Bambiland angegriffen. Steine und Farbe sollen hier zum Ausdruck bringen: \u201cKeine Stadt der Reichen!\u201c<\/p>\n<p>Hiermit wollen wir auch eine klare Botschaft der Solidarit\u00e4t an die Freund*innen und Gef\u00e4hrt*innen in Hamburg schicken.<\/p>\n<p>Des Weiteren wollen wir auch ein Nachricht an diejenigen schicken, die beim Kampf gegen eine Stadt der Reichen, gegen R\u00e4umungen und f\u00fcr das Zur\u00fcckschlagen der Angriffe auf die Rigaer durch Frank Henkel, von den Bullen gefangen genommen worden sind. Balu und Aaron werden weiterhin von den Bullen gefangen gehalten. Euch w\u00fcnschen wir viel Kraft und St\u00e4rke.<\/p>\n<p>Gegen eine Stadt der Reichen!<br \/>\nSofortig Freilassung von Aaron und Balu! CG Gruppe Verjagen!<br \/>\nF\u00fcr einen Rebellischen Kiez!<\/p>\n<p>F\u00fcr die Anarchie!<\/p>\n<p>weiter Infos:<br \/>\nBambiland &#8211; https:\/\/linksunten.indymedia.org\/de\/node\/123630<br \/>\nSama-Rigaer Caree &#8211; https:\/\/samariga.noblogs.org\/rigaer-strasse\/<\/p><\/blockquote>\n<p><strong>Quelle<\/strong>: <a href=\"https:\/\/linksunten.indymedia.org\/de\/node\/190990\">Linksunten<\/a><\/p>\n","protected":false},"excerpt":{"rendered":"<p>Berlin, 18. September 2016 Am 18.09.2016 Wurden die Luxusneubauten Rigaer Stra\u00dfe 71 &#8211; 73 angegriffen Ruhig ist es geworden um die Rigaer Stra\u00dfe. Nach dem \u00dcberfall von Henkel und seinen Bullen mit anschlie\u00dfender Belagerung der R 94 vor zwei Monaten scheint die Anzahl der militanten Angriffe in und um die Rigaer Stra\u00dfe zur\u00fcckgegangen zu sein.<\/p>\n","protected":false},"author":12080,"featured_media":0,"comment_status":"closed","ping_status":"closed","sticky":false,"template":"","format":"standard","meta":{"footnotes":""},"categories":[2],"tags":[24],"class_list":["post-4563","post","type-post","status-publish","format-standard","hentry","category-de","tag-berlin"],"_links":{"self":[{"href":"https:\/\/chronik.noblogs.org\/index.php?rest_route=\/wp\/v2\/posts\/4563","targetHints":{"allow":["GET"]}}],"collection":[{"href":"https:\/\/chronik.noblogs.org\/index.php?rest_route=\/wp\/v2\/posts"}],"about":[{"href":"https:\/\/chronik.noblogs.org\/index.php?rest_route=\/wp\/v2\/types\/post"}],"author":[{"embeddable":true,"href":"https:\/\/chronik.noblogs.org\/index.php?rest_route=\/wp\/v2\/users\/12080"}],"replies":[{"embeddable":true,"href":"https:\/\/chronik.noblogs.org\/index.php?rest_route=%2Fwp%2Fv2%2Fcomments&post=4563"}],"version-history":[{"count":0,"href":"https:\/\/chronik.noblogs.org\/index.php?rest_route=\/wp\/v2\/posts\/4563\/revisions"}],"wp:attachment":[{"href":"https:\/\/chronik.noblogs.org\/index.php?rest_route=%2Fwp%2Fv2%2Fmedia&parent=4563"}],"wp:term":[{"taxonomy":"category","embeddable":true,"href":"https:\/\/chronik.noblogs.org\/index.php?rest_route=%2Fwp%2Fv2%2Fcategories&post=4563"},{"taxonomy":"post_tag","embeddable":true,"href":"https:\/\/chronik.noblogs.org\/index.php?rest_route=%2Fwp%2Fv2%2Ftags&post=4563"}],"curies":[{"name":"wp","href":"https:\/\/api.w.org\/{rel}","templated":true}]}}