{"id":4530,"date":"2016-09-14T00:00:34","date_gmt":"2016-09-13T22:00:34","guid":{"rendered":"http:\/\/chronik.blackblogs.org\/?p=4530"},"modified":"2016-09-14T00:00:34","modified_gmt":"2016-09-13T22:00:34","slug":"farbe-gegen-afd-treffpunkt","status":"publish","type":"post","link":"https:\/\/chronik.noblogs.org\/?p=4530","title":{"rendered":"Farbe gegen AfD-Treffpunkt"},"content":{"rendered":"<p><strong><a href=\"https:\/\/chronik.blackblogs.org\/wp-content\/uploads\/sites\/109\/2016\/09\/190383.jpg\"><img loading=\"lazy\" decoding=\"async\" class=\"alignright size-medium wp-image-4531\" src=\"https:\/\/chronik.blackblogs.org\/wp-content\/uploads\/sites\/109\/2016\/09\/190383-300x219.jpg\" alt=\"190383\" width=\"300\" height=\"219\" \/><\/a>Berlin<\/strong>, <span class=\"submitted\">14. September 2016<\/span><\/p>\n<blockquote><p>Offensichtlich wurde in der letzten Nacht der Treffpunkt der Lichtenberger &#8220;Alternative f\u00fcr Deutschland&#8221; &#8211; die &#8220;M\u00e4rkische Aue&#8221; (Schwarzmeerstra\u00dfe 88, 10319 Berlin) &#8211; mit Farbe markiert.<\/p>\n<p>Jeden zweiten Dienstag im Monat trifft sich die Lichtenberg AfD in der &#8220;M\u00e4rkischen Aue&#8221;. Der Besitzer der Kneipe ist dar\u00fcber informiert, duldet die Rechten jedoch weiter. Das war scheinbar Grund genug, f\u00fcr AfD-Gegner_innen, den Treff mit Farbe zu markieren.<br \/>\n<!--more--><br \/>\nNationalismus ist keine Alternative!<br \/>\nAuch nicht in Lichtenberg!<\/p><\/blockquote>\n<p><strong>Quelle<\/strong>: <a href=\"https:\/\/linksunten.indymedia.org\/de\/node\/190382\">Linksunten<\/a><\/p>\n","protected":false},"excerpt":{"rendered":"<p>Berlin, 14. September 2016 Offensichtlich wurde in der letzten Nacht der Treffpunkt der Lichtenberger &#8220;Alternative f\u00fcr Deutschland&#8221; &#8211; die &#8220;M\u00e4rkische Aue&#8221; (Schwarzmeerstra\u00dfe 88, 10319 Berlin) &#8211; mit Farbe markiert. Jeden zweiten Dienstag im Monat trifft sich die Lichtenberg AfD in der &#8220;M\u00e4rkischen Aue&#8221;. Der Besitzer der Kneipe ist dar\u00fcber informiert, duldet die Rechten jedoch weiter. [&hellip;]<\/p>\n","protected":false},"author":12080,"featured_media":0,"comment_status":"closed","ping_status":"closed","sticky":false,"template":"","format":"standard","meta":{"footnotes":""},"categories":[2],"tags":[24],"class_list":["post-4530","post","type-post","status-publish","format-standard","hentry","category-de","tag-berlin"],"_links":{"self":[{"href":"https:\/\/chronik.noblogs.org\/index.php?rest_route=\/wp\/v2\/posts\/4530","targetHints":{"allow":["GET"]}}],"collection":[{"href":"https:\/\/chronik.noblogs.org\/index.php?rest_route=\/wp\/v2\/posts"}],"about":[{"href":"https:\/\/chronik.noblogs.org\/index.php?rest_route=\/wp\/v2\/types\/post"}],"author":[{"embeddable":true,"href":"https:\/\/chronik.noblogs.org\/index.php?rest_route=\/wp\/v2\/users\/12080"}],"replies":[{"embeddable":true,"href":"https:\/\/chronik.noblogs.org\/index.php?rest_route=%2Fwp%2Fv2%2Fcomments&post=4530"}],"version-history":[{"count":0,"href":"https:\/\/chronik.noblogs.org\/index.php?rest_route=\/wp\/v2\/posts\/4530\/revisions"}],"wp:attachment":[{"href":"https:\/\/chronik.noblogs.org\/index.php?rest_route=%2Fwp%2Fv2%2Fmedia&parent=4530"}],"wp:term":[{"taxonomy":"category","embeddable":true,"href":"https:\/\/chronik.noblogs.org\/index.php?rest_route=%2Fwp%2Fv2%2Fcategories&post=4530"},{"taxonomy":"post_tag","embeddable":true,"href":"https:\/\/chronik.noblogs.org\/index.php?rest_route=%2Fwp%2Fv2%2Ftags&post=4530"}],"curies":[{"name":"wp","href":"https:\/\/api.w.org\/{rel}","templated":true}]}}