{"id":4475,"date":"2016-08-15T00:00:45","date_gmt":"2016-08-14T22:00:45","guid":{"rendered":"http:\/\/chronik.blackblogs.org\/?p=4475"},"modified":"2016-08-15T00:00:45","modified_gmt":"2016-08-14T22:00:45","slug":"pietre-a-profittatore-delle-galere-e-ufficio-spd","status":"publish","type":"post","link":"https:\/\/chronik.noblogs.org\/?p=4475","title":{"rendered":"Pietre a profittatore delle galere e ufficio SPD"},"content":{"rendered":"<p><strong><a href=\"https:\/\/chronik.blackblogs.org\/wp-content\/uploads\/sites\/109\/2016\/08\/spd.jpg\"><img loading=\"lazy\" decoding=\"async\" class=\"alignright size-medium wp-image-4321\" src=\"https:\/\/chronik.blackblogs.org\/wp-content\/uploads\/sites\/109\/2016\/08\/spd-225x300.jpg\" alt=\"spd\" width=\"225\" height=\"300\" \/><\/a>Berlino (Berlin)<\/strong>, <span class=\"submitted\">15. Agosto 2016<\/span><\/p>\n<blockquote><p>Cos\u00ec inizia la nostra settimana. E cos\u00ec dovrebbe iniziare ogni giorno per i profittatori e i responsabili del sistema delle galere&#8230;<\/p>\n<p>Stamani abbiamo visitato il servizio TV J\u00fcrgen Kr\u00fcger e l&#8217;ufficio SPD di Bj\u00f6rn Eggert nella Oranienstrasse a Kreuzberg e spaccato le relative finestre.<\/p>\n<p>Servizio TV Kr\u00fcger detiene da pi\u00f9 di 30 anni il monopolio sul controllo degli apparecchi elettronici dex prigionierx di Berlino. Manco, per es., una radio gli scappa senza essere controllato fino in fondo. Cos\u00ec si vuole impedire che entrano delle mercanzie di contrabbando oppure degli apparecchi manipolati all&#8217;interno delle mura. Per lx prigionierx questa stazione intermedia della loro hardware di svago e d&#8217;informazione significa anzitutto un notevole aumento della spesa. Cos\u00ec l&#8217;impresa profitta direttamente della vessazione dex prigionierx.<br \/>\n<!--more--><br \/>\nInoltre degli apparecchi sono anche gi\u00e0 stati danneggiati o rotti da Kr\u00fcger. Inoltre, Kr\u00fcger s&#8217;incarica dell&#8217;analisi tecnica dei telefonini sequestrati nelle galere e fornisce i dati decifrati alle autorit\u00e0. Gi\u00e0 varie volte la ditta \u00e8 stata beccata ma questo non riusciva ad impedirle di continuare con la sfruttamento perverso della repressione contro lx prigionierx&#8230;<\/p>\n<p>Direttamente presso Kr\u00fcger si trova l&#8217;ufficio di Bj\u00f6rn Eggert (SPD) che si nasconde in una sede della dell&#8217;Assistenza a chi lavora (AWO). La AWO a Berlino gestisce vari punti di raccolta per profughx. Per esempio il rifugio, ora chiuso, in via&#8230; a Spandau. Anche se AWO in pubblico perora la sistemazioni piccole e decentrali, la realt\u00e0 delle case gestite da AWO \u00e8 tutt&#8217;altra. Inoltre AWO partecipa alla grande agli affari con le espulsioni. Il loro \u201eaiuto al ritorno\u201c \u00e8 solo un grazioso sinonimo per la parola espulsione.<\/p>\n<p>La SPD per ora \u00e8 occupata con la sua campagna elettorale. I partiti tentano costantemente di superarsi con la loro politica ascociale e i discorsi sull&#8217;indentit\u00e0. Che non possiamo aspettarci nulla da nessun partito \u00e8 pi\u00f9 che ben noto.<\/p>\n<p>Naturalmente seguiamo anche la lotta dex nostri amicx in Grecia, le loro azioni contro Syriza nel contesto degli attacchi agli squat a Thessaloniki ci sono piaciute. Rivedendo il NO Border Camp si deve per\u00f2 poter porre la questione: non sarebbe stato meglio cogliere l&#8217;occasione per creare un putiferio nel centro citt\u00e0?<\/p>\n<p>La nostra azione contro il politico SPD Bj\u00f6rn Eggert s&#8217;inserisce dunque anche in questa lotta.<\/p>\n<p>Con la nostra azione minima, per la quale dovevamo anche spegnere una telecamera di sorveglianza, inviamo un segno di solidariet\u00e0 ai prigionieri Aaron e Balu nella galera di Moabit che in rappresentanza della resistenza contro gli investitori e l&#8217;attacco alla Rigaer94 vi sono in detenzione preventiva, ai prigionieri Marios Seisidis e Kostas Sakkas che purtroppo poco tempo fa sono caduti nelle mani del nemico, alla compa Lisa che poco tempo fa fu espulsa dallo Stato della tortura Spagnolo alla procura di Aachen e alle otto persone di basilea che sono in detenzione preventiva per la presunta partecipazione a un meraviglioso Smash Mob avvenuto il 24 giugno.<\/p>\n<p>Continuando le nostre lotte come nella Rigaer con sempre pi\u00f9 determinazione, pratichiamo la solidariet\u00e0 con lx nostrx prigionierx nelle galere del sistema. Gli scontri attorno alla Rigaer94 e tutto il quartiere popolare Nord hanno mostrato che possiamo aspettarci i pi\u00f9 grandi successi da un rifiuto coerente di ogni offerta di trattative e dal contrasto militante alla citt\u00e0 capitalista.<\/p>\n<p>Dovremmo tenerlo a mente quando ci prepariamo agli imminenti sgomberi del M99 e della Oblauer Schule a Kreuzberg.<\/p>\n<p>Dobbiamo distruggere questo Stato. Quel che \u00e8 necessario deve essere fatto. Senza scuse alcune quando si tratta di orientare tutto il nostro agire in questa direzione.<\/p>\n<p>Per questo, dopo di che la risonanza agli appelli internazionali come per il Dicembre Nero o per il Luglio Nero ha provato che il riferimento affine tra le tendenze anarchiche in Europa funziona, proponiamo anche di fare un disastro del G20 nel mese di luglio 2017 ad Amburgo e di iniziare ora una relativa campagna militante.<\/p>\n<p>Anarchicx<\/p><\/blockquote>\n<p><strong>Fonte<\/strong>: <a href=\"https:\/\/linksunten.indymedia.org\/it\/node\/189757\">Linksunten<\/a><\/p>\n","protected":false},"excerpt":{"rendered":"<p>Berlino (Berlin), 15. Agosto 2016 Cos\u00ec inizia la nostra settimana. E cos\u00ec dovrebbe iniziare ogni giorno per i profittatori e i responsabili del sistema delle galere&#8230; Stamani abbiamo visitato il servizio TV J\u00fcrgen Kr\u00fcger e l&#8217;ufficio SPD di Bj\u00f6rn Eggert nella Oranienstrasse a Kreuzberg e spaccato le relative finestre. Servizio TV Kr\u00fcger detiene da pi\u00f9 [&hellip;]<\/p>\n","protected":false},"author":12080,"featured_media":0,"comment_status":"closed","ping_status":"closed","sticky":false,"template":"","format":"standard","meta":{"footnotes":""},"categories":[6],"tags":[24],"class_list":["post-4475","post","type-post","status-publish","format-standard","hentry","category-it","tag-berlin"],"_links":{"self":[{"href":"https:\/\/chronik.noblogs.org\/index.php?rest_route=\/wp\/v2\/posts\/4475","targetHints":{"allow":["GET"]}}],"collection":[{"href":"https:\/\/chronik.noblogs.org\/index.php?rest_route=\/wp\/v2\/posts"}],"about":[{"href":"https:\/\/chronik.noblogs.org\/index.php?rest_route=\/wp\/v2\/types\/post"}],"author":[{"embeddable":true,"href":"https:\/\/chronik.noblogs.org\/index.php?rest_route=\/wp\/v2\/users\/12080"}],"replies":[{"embeddable":true,"href":"https:\/\/chronik.noblogs.org\/index.php?rest_route=%2Fwp%2Fv2%2Fcomments&post=4475"}],"version-history":[{"count":0,"href":"https:\/\/chronik.noblogs.org\/index.php?rest_route=\/wp\/v2\/posts\/4475\/revisions"}],"wp:attachment":[{"href":"https:\/\/chronik.noblogs.org\/index.php?rest_route=%2Fwp%2Fv2%2Fmedia&parent=4475"}],"wp:term":[{"taxonomy":"category","embeddable":true,"href":"https:\/\/chronik.noblogs.org\/index.php?rest_route=%2Fwp%2Fv2%2Fcategories&post=4475"},{"taxonomy":"post_tag","embeddable":true,"href":"https:\/\/chronik.noblogs.org\/index.php?rest_route=%2Fwp%2Fv2%2Ftags&post=4475"}],"curies":[{"name":"wp","href":"https:\/\/api.w.org\/{rel}","templated":true}]}}