{"id":4388,"date":"2016-08-15T00:00:04","date_gmt":"2016-08-14T22:00:04","guid":{"rendered":"http:\/\/chronik.blackblogs.org\/?p=4388"},"modified":"2016-08-15T00:00:04","modified_gmt":"2016-08-14T22:00:04","slug":"nos-bris-de-vitres-contre-leur-repression","status":"publish","type":"post","link":"https:\/\/chronik.noblogs.org\/?p=4388","title":{"rendered":"Nos bris de vitres contre leur r\u00e9pression"},"content":{"rendered":"<p><strong><a href=\"https:\/\/chronik.blackblogs.org\/wp-content\/uploads\/sites\/109\/2016\/08\/spd.jpg\"><img loading=\"lazy\" decoding=\"async\" class=\"alignright size-medium wp-image-4321\" src=\"https:\/\/chronik.blackblogs.org\/wp-content\/uploads\/sites\/109\/2016\/08\/spd-225x300.jpg\" alt=\"spd\" width=\"225\" height=\"300\" \/><\/a>Berlin<\/strong>, <span class=\"submitted\">15. Ao\u00fbt 2016<\/span><\/p>\n<blockquote><p>Ainsi d\u00e9bute notre semaine. Et \u00e7a devait commencer ainsi pour les profiteurs et les responsables du syst\u00e8me carc\u00e9ral. \u2013 Ce matin [15 ao\u00fbt 2016], nous avons rendu visite au service de t\u00e9l\u00e9vision \u2018J\u00fcrgen Kr\u00fcger\u2019 et au bureau du SPD de Bj\u00f6rn Eggert de la \u2018Oranienstrasse\u2019 \u00e0 \u2018Kreuzberg\u2019 et avons d\u00e9truit leurs vitres.<\/p>\n<p>Le service de t\u00e9l\u00e9vision \u2018Kr\u00fcger\u2019 a depuis plus de 30 ans le monopole sur l\u2019analyse des appareils \u00e9lectroniques des prisonniers \u00e0 Berlin. Par exemple, aucune radio ne leur parvienne sans qu\u2019elle soit analys\u00e9e minutieusement. Ceci est cens\u00e9 emp\u00eacher que des appareils de contre-bande ou manipul\u00e9s arrivent derri\u00e8re les murs. Pour les prisonniers, cet arr\u00eat pour analyse de leur mat\u00e9riel de distraction et d\u2019information signifie des d\u00e9penses financi\u00e8res suppl\u00e9mentaires et consid\u00e9rables. La firme tire directement profit du contr\u00f4le des prisonniers.<br \/>\n<!--more--><br \/>\nPar ailleurs, ce n\u2019est pas la premi\u00e8re fois que les appareils ont \u00e9t\u00e9 endommag\u00e9s et cass\u00e9s-r\u00e9par\u00e9s par Kr\u00fcger. De plus, J\u00fcrgen Kr\u00fcger assume l\u2019exploitation technique des portables saisis dans les prisons et livre les donn\u00e9es vol\u00e9es aux autorit\u00e9s. L\u2019entreprise a \u00e9t\u00e9 prise en flag\u2019 \u00e0 plusieurs reprises pour son exploitation perverse de la r\u00e9pression, ce dont elle n\u2019a, jusqu\u2019\u00e0 pr\u00e9sent, pas pu s\u2019emp\u00eacher.<\/p>\n<p>Directement \u00e0 c\u00f4t\u00e9 de \u2018Kr\u00fcger\u2019 se trouve les bureaux de Bj\u00f6rn Eggert (SPD), lequel se planque dans un bureau de l\u2019association caritative \u2018AWO\u2019. L\u2019AWO exploite plusieurs logements collectifs pour r\u00e9fugi\u00e9s \u00e0 Berlin. Comme par exemple les logements de la \u2018Motardstra\u00dfe\u2019 \u00e0 \u2018Spandau\u2019, entre-temps ferm\u00e9s. Bien que l\u2019AWO \u0153uvre publiquement pour un h\u00e9bergement petit et d\u00e9centralis\u00e9, la r\u00e9alit\u00e9 dans les logements g\u00e9r\u00e9s par l\u2019AWO semble toute autre. Par ailleurs, l\u2019AWO participe surtout au business des expulsions. Ce qu\u2019ils appellent \u00ab aide aux retours \u00bb est le synonyme cl\u00e9ment d\u2019expulsion.<\/p>\n<p>Le SPD est en ce moment en campagne \u00e9lectorale. Tous les partis tentent continuellement de surench\u00e9rir avec leurs politiques anti-sociales et discours identitaires.<\/p>\n<p>Bien s\u00fbr, nous poursuivons le combat de nos ami.e.s en Gr\u00e8ce, leurs actions contre Syriza en lien avec les attaques contre les squats \u00e0 Thessalonique nous ont plu. Mais en jetant un regard r\u00e9trospectif sur le camp \u2018No Border\u2019, la question doit \u00eatre pos\u00e9e : n\u2019aurait-il pas \u00e9t\u00e9 mieux de saisir l\u2019occasion pour des \u00e9meutes au centre-ville ?<\/p>\n<p>Notre action contre le politicien Bj\u00f6rn Eggert s\u2019inscrit \u00e9galement dans cette lutte.<\/p>\n<p>Par notre action modeste, pour laquelle nous avons du d\u00e9sactiver une cam\u00e9ra de surveillance, nous envoyons un signe de solidarit\u00e9 aux prisonniers Aaron et Balu qui sont incarc\u00e9r\u00e9s \u00e0 la prison de Moabit en pr\u00e9ventive pour avoir r\u00e9sist\u00e9 aux investisseurs et \u00e0 l\u2019attaque du squat \u2018Rigaer94\u2019, aux prisonniers Marios Seisidis et Kostas Sakkas, qui sont malheureusement tomb\u00e9s entre les mains de l\u2019ennemi il y a peu, \u00e0 la compagnonne Lisa, qui a r\u00e9cemment \u00e9t\u00e9 livr\u00e9e au minist\u00e8re public \u00e0 Aix-la-Chapelle par l\u2019Etat espagnol, ainsi qu\u2019aux huit personnes \u00e0 B\u00e2le, qui sont en d\u00e9tention pr\u00e9ventive pour leur participation pr\u00e9sum\u00e9e \u00e0 la superbe \u00ab manif \u00e9clair \u00bb du 24 juin.<\/p>\n<p>Pendant que nous continuons notre lutte avec toujours autant de d\u00e9termination, nous exer\u00e7ons une solidarit\u00e9 pratique avec nos compagnons qui sont dans les prisons du syst\u00e8me. L\u2019affrontement autour du Rigaer94 et de l\u2019ensemble du quartier nord ont montr\u00e9 qu\u2019un refus coh\u00e9rent de toute offre de n\u00e9gociation et la lutte contre la ville capitaliste est ce qu\u2019il y a de plus prometteur pour nous.<\/p>\n<p>Nous devrions le garder \u00e0 l\u2019esprit, si nous nous pr\u00e9parons aux expulsions en suspens du \u2018M99\u2019 et de l\u2019\u00e9cole de la rue Ohlauer\u00b9 \u00e0 Kreuzberg.<\/p>\n<p>Nous devons d\u00e9truire cette ville. Ce qui est n\u00e9cessaire doit \u00eatre fait. Pas de pr\u00e9texte quand il s\u2019agit d\u2019organiser ensuite toute nos action.<\/p>\n<p>C\u2019est pourquoi nous proposons \u00e9galement de faire de la rencontre du G20 \u00e0 Hambourg qui aura lieu en juillet 2017 un d\u00e9sastre et en m\u00eame temps de d\u00e9marrer d\u00e8s maintenant une campagne active, apr\u00e8s le retentissement des appels internationaux comme \u00e0 un d\u00e9cembre noir ou \u00e0 un juillet noir qui ont\u00a0 illustr\u00e9 les r\u00e9f\u00e9rences affinitaires des anarchistes en Europe.<\/p>\n<p>Des anarchistes.<\/p>\n<p>NdT:<br \/>\n\u00b9Squat de migrants et de solidaires qui a subi plusieurs attaques de l\u2019Etat durant l\u2019\u00e9t\u00e9 2014. On pourra se reporter \u00e0 la vague de solidarit\u00e9 qui a illumin\u00e9 les rues belinoises.<\/p><\/blockquote>\n<p><strong>Source<\/strong>: <a href=\"https:\/\/linksunten.indymedia.org\/fr\/node\/188074\">Linksunten<\/a><\/p>\n","protected":false},"excerpt":{"rendered":"<p>Berlin, 15. Ao\u00fbt 2016 Ainsi d\u00e9bute notre semaine. Et \u00e7a devait commencer ainsi pour les profiteurs et les responsables du syst\u00e8me carc\u00e9ral. \u2013 Ce matin [15 ao\u00fbt 2016], nous avons rendu visite au service de t\u00e9l\u00e9vision \u2018J\u00fcrgen Kr\u00fcger\u2019 et au bureau du SPD de Bj\u00f6rn Eggert de la \u2018Oranienstrasse\u2019 \u00e0 \u2018Kreuzberg\u2019 et avons d\u00e9truit leurs [&hellip;]<\/p>\n","protected":false},"author":12080,"featured_media":0,"comment_status":"closed","ping_status":"closed","sticky":false,"template":"","format":"standard","meta":{"footnotes":""},"categories":[5],"tags":[24],"class_list":["post-4388","post","type-post","status-publish","format-standard","hentry","category-fr","tag-berlin"],"_links":{"self":[{"href":"https:\/\/chronik.noblogs.org\/index.php?rest_route=\/wp\/v2\/posts\/4388","targetHints":{"allow":["GET"]}}],"collection":[{"href":"https:\/\/chronik.noblogs.org\/index.php?rest_route=\/wp\/v2\/posts"}],"about":[{"href":"https:\/\/chronik.noblogs.org\/index.php?rest_route=\/wp\/v2\/types\/post"}],"author":[{"embeddable":true,"href":"https:\/\/chronik.noblogs.org\/index.php?rest_route=\/wp\/v2\/users\/12080"}],"replies":[{"embeddable":true,"href":"https:\/\/chronik.noblogs.org\/index.php?rest_route=%2Fwp%2Fv2%2Fcomments&post=4388"}],"version-history":[{"count":0,"href":"https:\/\/chronik.noblogs.org\/index.php?rest_route=\/wp\/v2\/posts\/4388\/revisions"}],"wp:attachment":[{"href":"https:\/\/chronik.noblogs.org\/index.php?rest_route=%2Fwp%2Fv2%2Fmedia&parent=4388"}],"wp:term":[{"taxonomy":"category","embeddable":true,"href":"https:\/\/chronik.noblogs.org\/index.php?rest_route=%2Fwp%2Fv2%2Fcategories&post=4388"},{"taxonomy":"post_tag","embeddable":true,"href":"https:\/\/chronik.noblogs.org\/index.php?rest_route=%2Fwp%2Fv2%2Ftags&post=4388"}],"curies":[{"name":"wp","href":"https:\/\/api.w.org\/{rel}","templated":true}]}}