{"id":4300,"date":"2016-08-05T00:00:40","date_gmt":"2016-08-04T22:00:40","guid":{"rendered":"http:\/\/chronik.blackblogs.org\/?p=4300"},"modified":"2016-08-05T00:00:40","modified_gmt":"2016-08-04T22:00:40","slug":"cdu-wahlkampfbus-abgefackelt","status":"publish","type":"post","link":"https:\/\/chronik.noblogs.org\/?p=4300","title":{"rendered":"CDU-Wahlkampfbus abgefackelt"},"content":{"rendered":"<p><strong><a href=\"https:\/\/chronik.blackblogs.org\/wp-content\/uploads\/sites\/109\/2016\/08\/cdu.jpg\"><img loading=\"lazy\" decoding=\"async\" class=\"alignright size-medium wp-image-4301\" src=\"https:\/\/chronik.blackblogs.org\/wp-content\/uploads\/sites\/109\/2016\/08\/cdu-300x169.jpg\" alt=\"CDU-Wahlkampfbus ausgebrannt\" width=\"300\" height=\"169\" \/><\/a>Berlin<\/strong>, 5. August 2016<\/p>\n<blockquote><p>In der Nacht zu Freitag ging in Spandau der Wahlkampfbus des CDU-Politikers Thilo-Harry Wollenschlaeger in Flammen auf. Der f\u00fcr politische Delikte zust\u00e4ndige Staatsschutz hat die Ermittlungen \u00fcbernommen.<\/p>\n<p>Der Wahlkampfbus brannte gegen Mitternacht aus; Autofahrer hatten die Flammen bemerkt und die Feuerwehr alarmiert. Der Wagen mit Werbung f\u00fcr den CDU-Politiker stand auf einem \u00f6ffentlich zug\u00e4nglichen Park&amp;Ride-Parkplatz an der Heerstra\u00dfe, unweit der Stadtgrenze. Zwei daneben stehende Lastwagen wurden besch\u00e4digt. Die Polizei geht von Brandstiftung aus, der f\u00fcr politische Delikte zust\u00e4ndige Staatsschutz hat die Ermittlungen \u00fcbernommen.<br \/>\n<!--more--><br \/>\nDer Wagen geh\u00f6rt dem Schausteller Thilo-Harry Wollenschlaeger, der erstmals f\u00fcr die CDU als Kandidat im Spandauer Wahlkreis 1 (Hakenfelde) antritt. Am 18. September werden in Berlin das Abgeordnetenhaus und die Bezirksverordnetenversammlungen gew\u00e4hlt. Wollenschlaeger sagte dem Tagesspiegel, dass der Bus sein privates, von ihm als Schausteller genutztes Wohnmobil war. &#8220;Am <a href=\"https:\/\/chronik.blackblogs.org\/wp-content\/uploads\/sites\/109\/2016\/08\/flyer.jpg\"><img loading=\"lazy\" decoding=\"async\" class=\"alignright size-medium wp-image-4302\" src=\"https:\/\/chronik.blackblogs.org\/wp-content\/uploads\/sites\/109\/2016\/08\/flyer-300x177.jpg\" alt=\"flyer\" width=\"300\" height=\"177\" \/><\/a>meisten geschockt ist meine Familie.&#8221; Neben den Wahlkampfmaterialien sind auch zahlreiche pers\u00f6nliche Gegenst\u00e4nde vernichtet worden, darunter die Playstation seines Sohnes.<\/p>\n<p>Der Bus war nach zwei Wahlkampfveranstaltungen in Spandau \u00fcber Nacht in Staaken geparkt worden, um heute f\u00fcr die n\u00e4chsten Veranstaltungen genutzt zu werden. &#8220;Man muss die Ermittlungen abwarten&#8221;, sagt Wollenschl\u00e4ger. Wenn es ein Anschlag war, sei er wohl eher gegen die CDU allgemein gerichtet gewesen, ist seine Vermutung. Der Schausteller war wegen seiner Kandidatur aber auch pers\u00f6nlichen Anfeindungen ausgesetzt. So habe es entsprechende Kommentare bei Facebook gegeben und Wahlplakate seien umgedreht worden.<\/p>\n<p>Berlins CDU-Chef und Innensenator Frank Henkel sprach von einem &#8220;unertr\u00e4glichen Anschlag auf eine demokratische Partei und einem neuer Tiefpunkt in der politischen Auseinandersetzung&#8221;. Nach Henkels Angaben werden Plakate seiner Partei &#8220;seit Tagen beschmiert, zerrissen oder verbrannt&#8221;, vor allem in den Innenstadtbezirken. Auch Plakate anderer Parteien seien betroffen. &#8220;Die Berliner CDU steht geschlossen und solidarisch hinter unserem betroffenen Wahlkreiskandidaten Thilo-Harry Wollenschlaeger&#8221;, teilte Henkel mit.<\/p><\/blockquote>\n<p><strong>Quelle<\/strong>: <a href=\"https:\/\/linksunten.indymedia.org\/de\/node\/186785\">Tagesspiegel<\/a><\/p>\n","protected":false},"excerpt":{"rendered":"<p>Berlin, 5. August 2016 In der Nacht zu Freitag ging in Spandau der Wahlkampfbus des CDU-Politikers Thilo-Harry Wollenschlaeger in Flammen auf. Der f\u00fcr politische Delikte zust\u00e4ndige Staatsschutz hat die Ermittlungen \u00fcbernommen. Der Wahlkampfbus brannte gegen Mitternacht aus; Autofahrer hatten die Flammen bemerkt und die Feuerwehr alarmiert. Der Wagen mit Werbung f\u00fcr den CDU-Politiker stand auf [&hellip;]<\/p>\n","protected":false},"author":12080,"featured_media":0,"comment_status":"closed","ping_status":"closed","sticky":false,"template":"","format":"standard","meta":{"footnotes":""},"categories":[2],"tags":[24],"class_list":["post-4300","post","type-post","status-publish","format-standard","hentry","category-de","tag-berlin"],"_links":{"self":[{"href":"https:\/\/chronik.noblogs.org\/index.php?rest_route=\/wp\/v2\/posts\/4300","targetHints":{"allow":["GET"]}}],"collection":[{"href":"https:\/\/chronik.noblogs.org\/index.php?rest_route=\/wp\/v2\/posts"}],"about":[{"href":"https:\/\/chronik.noblogs.org\/index.php?rest_route=\/wp\/v2\/types\/post"}],"author":[{"embeddable":true,"href":"https:\/\/chronik.noblogs.org\/index.php?rest_route=\/wp\/v2\/users\/12080"}],"replies":[{"embeddable":true,"href":"https:\/\/chronik.noblogs.org\/index.php?rest_route=%2Fwp%2Fv2%2Fcomments&post=4300"}],"version-history":[{"count":0,"href":"https:\/\/chronik.noblogs.org\/index.php?rest_route=\/wp\/v2\/posts\/4300\/revisions"}],"wp:attachment":[{"href":"https:\/\/chronik.noblogs.org\/index.php?rest_route=%2Fwp%2Fv2%2Fmedia&parent=4300"}],"wp:term":[{"taxonomy":"category","embeddable":true,"href":"https:\/\/chronik.noblogs.org\/index.php?rest_route=%2Fwp%2Fv2%2Fcategories&post=4300"},{"taxonomy":"post_tag","embeddable":true,"href":"https:\/\/chronik.noblogs.org\/index.php?rest_route=%2Fwp%2Fv2%2Ftags&post=4300"}],"curies":[{"name":"wp","href":"https:\/\/api.w.org\/{rel}","templated":true}]}}