{"id":4297,"date":"2016-08-05T00:00:56","date_gmt":"2016-08-04T22:00:56","guid":{"rendered":"http:\/\/chronik.blackblogs.org\/?p=4297"},"modified":"2016-08-05T00:00:56","modified_gmt":"2016-08-04T22:00:56","slug":"brandstiftung-an-naziauto","status":"publish","type":"post","link":"https:\/\/chronik.noblogs.org\/?p=4297","title":{"rendered":"Brandstiftung an Naziauto"},"content":{"rendered":"<p><strong><a href=\"https:\/\/chronik.blackblogs.org\/wp-content\/uploads\/sites\/109\/2016\/08\/186873.jpg\"><img loading=\"lazy\" decoding=\"async\" class=\"alignright size-medium wp-image-4298\" src=\"https:\/\/chronik.blackblogs.org\/wp-content\/uploads\/sites\/109\/2016\/08\/186873-225x300.jpg\" alt=\"186873\" width=\"225\" height=\"300\" \/><\/a>G\u00f6ttingen<\/strong>, 5. August 2016<\/p>\n<blockquote><p>In der Nacht zu Freitag kam es im G\u00f6ttinger Stadtteil Gneismar zu einem nach Einsch\u00e4tzung der Polizei politisch motivierten Brandanschlag. Unbekannte versuchten ein Auto in Brand zu setzen. Die Nutzerin des PKW unterst\u00fctzt nach Angaben der Polizei den rechten &#8220;Freundeskreis Th\u00fcringen\/Niedersachsen&#8221;.<\/p>\n<p>G\u00f6ttingen. Der blaue Kleinwagen stand zum Tatzeitpunkt auf dem Parkplatz eines Mehrfamilienhauses. Die Frau konnte den Brand selbst l\u00f6schen, wie eine Sprecherin der Polizei mitteilt. Eine Gefahr f\u00fcr das Geb\u00e4ude oder andere geparkte Wagen habe nicht bestanden. In den vergangenen Monaten hat es wiederholt Brandanschl\u00e4ge auf Fahrzeuge von Rechten in G\u00f6ttingen und Umgebung gegeben.<br \/>\n<!--more--><br \/>\nZuletzt hatten Unbekannte am vergangenen Wochenende in Einbeck und Hardegsen (Kreis Northeim) mit einem Beil die Haust\u00fcren von Mitgliedern des &#8220;Freundeskreises&#8221; eingeschlagen. Ebenfalls am Sonntag war in einem G\u00f6ttinger Ortsteil das Grundst\u00fcck eines rechten Publizisten attackiert worden.<\/p>\n<p>Der fremden- und ausl\u00e4nderfeindliche &#8220;Freundeskreis&#8221; h\u00e4lt seit Monaten in der Region sogenannte Mahnwachen ab. Zuletzt hatten am Sonntag rund drei Dutzend Rechtsextreme eine Kundgebung in G\u00f6ttingen abgehalten. Am Rand einer Gegenkundgebung war es zu Zusammenst\u00f6\u00dfen zwischen Linken und der Polizei gekommen. Sieben Beamte wurden verletzt.<\/p><\/blockquote>\n<p><strong>Quelle<\/strong>: <a href=\"https:\/\/linksunten.indymedia.org\/de\/node\/186872\">HAZ<\/a><\/p>\n","protected":false},"excerpt":{"rendered":"<p>G\u00f6ttingen, 5. August 2016 In der Nacht zu Freitag kam es im G\u00f6ttinger Stadtteil Gneismar zu einem nach Einsch\u00e4tzung der Polizei politisch motivierten Brandanschlag. Unbekannte versuchten ein Auto in Brand zu setzen. Die Nutzerin des PKW unterst\u00fctzt nach Angaben der Polizei den rechten &#8220;Freundeskreis Th\u00fcringen\/Niedersachsen&#8221;. G\u00f6ttingen. Der blaue Kleinwagen stand zum Tatzeitpunkt auf dem Parkplatz [&hellip;]<\/p>\n","protected":false},"author":12080,"featured_media":0,"comment_status":"closed","ping_status":"closed","sticky":false,"template":"","format":"standard","meta":{"footnotes":""},"categories":[2],"tags":[74],"class_list":["post-4297","post","type-post","status-publish","format-standard","hentry","category-de","tag-goettingen"],"_links":{"self":[{"href":"https:\/\/chronik.noblogs.org\/index.php?rest_route=\/wp\/v2\/posts\/4297","targetHints":{"allow":["GET"]}}],"collection":[{"href":"https:\/\/chronik.noblogs.org\/index.php?rest_route=\/wp\/v2\/posts"}],"about":[{"href":"https:\/\/chronik.noblogs.org\/index.php?rest_route=\/wp\/v2\/types\/post"}],"author":[{"embeddable":true,"href":"https:\/\/chronik.noblogs.org\/index.php?rest_route=\/wp\/v2\/users\/12080"}],"replies":[{"embeddable":true,"href":"https:\/\/chronik.noblogs.org\/index.php?rest_route=%2Fwp%2Fv2%2Fcomments&post=4297"}],"version-history":[{"count":0,"href":"https:\/\/chronik.noblogs.org\/index.php?rest_route=\/wp\/v2\/posts\/4297\/revisions"}],"wp:attachment":[{"href":"https:\/\/chronik.noblogs.org\/index.php?rest_route=%2Fwp%2Fv2%2Fmedia&parent=4297"}],"wp:term":[{"taxonomy":"category","embeddable":true,"href":"https:\/\/chronik.noblogs.org\/index.php?rest_route=%2Fwp%2Fv2%2Fcategories&post=4297"},{"taxonomy":"post_tag","embeddable":true,"href":"https:\/\/chronik.noblogs.org\/index.php?rest_route=%2Fwp%2Fv2%2Ftags&post=4297"}],"curies":[{"name":"wp","href":"https:\/\/api.w.org\/{rel}","templated":true}]}}