{"id":4291,"date":"2016-08-02T00:00:50","date_gmt":"2016-08-01T22:00:50","guid":{"rendered":"http:\/\/chronik.blackblogs.org\/?p=4291"},"modified":"2016-08-02T00:00:50","modified_gmt":"2016-08-01T22:00:50","slug":"kistenweise-afd-flyer-geklaut","status":"publish","type":"post","link":"https:\/\/chronik.noblogs.org\/?p=4291","title":{"rendered":"Kistenweise AfD-Flyer geklaut"},"content":{"rendered":"<p><strong><a href=\"https:\/\/chronik.blackblogs.org\/wp-content\/uploads\/sites\/109\/2016\/08\/186567.jpg\"><img loading=\"lazy\" decoding=\"async\" class=\"alignright size-medium wp-image-4292\" src=\"https:\/\/chronik.blackblogs.org\/wp-content\/uploads\/sites\/109\/2016\/08\/186567-300x225.jpg\" alt=\"186567\" width=\"300\" height=\"225\" \/><\/a>Rostock<\/strong>, 2. August 2016<\/p>\n<blockquote><p>Seit einigen Wochen ist der Wahlkampf in MV nun im vollen Gange, die Parteien haben begonnen ihre Plakate aufzuh\u00e4ngen, wobei vor allem AFD und NPD herausstechen und somit den Pappen-Rei\u00df-Wettkampf der \u00f6rtlichen Zecken eingel\u00e4utet haben. Besonders ver\u00e4rgert zeigt sich die AFD aus Rostock und Umland rund um Holger Arppe, Johannes Salomon und den Rest. Im Verlauf der letzten Woche haben sie sich m\u00e4chtig bei Bullen und Presse ausgeheult, dass ihre Gro\u00dfaufsteller in einer Nacht fast alle zerst\u00f6rt wurden, und des Weiteren 100\u20ac Belohnung f\u00fcr jeden Hinweis, der zur Ergreifung eines T\u00e4ters f\u00fchrt, ausgelobt.<br \/>\n<!--more--><br \/>\nUm ihnen den Wahlkampf noch mehr zu vers\u00fc\u00dfen, haben wir 15 Kartons mit Flyern entf\u00fchrt, insgesamt 75.000 St\u00fcck. Hierbei handelte es sich um Ausz\u00fcge aus dem Wahlprogramm mit den Kandidaten f\u00fcr die verschiedenen Wahlkreise in und um Rostock. Wir hoffen, wir konnten ihnen einiges an Arbeit ersparen, da wir bei der hohen St\u00fcckzahl davon ausgehen, dass sie die Flyer in den einzelnen Wahlkreisen in Briefk\u00e4sten verteilen wollten. Falls sich die AFD erhofft, ihre Flyer noch wiederzubekommen, m\u00fcssen wir sie leider entt\u00e4uschen, die Kartons haben wir bereits aufgeschlitzt und den Inhalt seiner Vernichtung zugef\u00fchrt.<\/p>\n<p>Und Salomon, stell doch n\u00e4chstes Mal eine Sackkarre dazu, da hebt Mensch sich ja nen Bruch!<\/p><\/blockquote>\n<p><strong>Quelle<\/strong>: <a href=\"https:\/\/linksunten.indymedia.org\/de\/node\/186565\">Linksunten<\/a><\/p>\n","protected":false},"excerpt":{"rendered":"<p>Rostock, 2. August 2016 Seit einigen Wochen ist der Wahlkampf in MV nun im vollen Gange, die Parteien haben begonnen ihre Plakate aufzuh\u00e4ngen, wobei vor allem AFD und NPD herausstechen und somit den Pappen-Rei\u00df-Wettkampf der \u00f6rtlichen Zecken eingel\u00e4utet haben. Besonders ver\u00e4rgert zeigt sich die AFD aus Rostock und Umland rund um Holger Arppe, Johannes Salomon [&hellip;]<\/p>\n","protected":false},"author":12080,"featured_media":0,"comment_status":"closed","ping_status":"closed","sticky":false,"template":"","format":"standard","meta":{"footnotes":""},"categories":[2],"tags":[178],"class_list":["post-4291","post","type-post","status-publish","format-standard","hentry","category-de","tag-rostock"],"_links":{"self":[{"href":"https:\/\/chronik.noblogs.org\/index.php?rest_route=\/wp\/v2\/posts\/4291","targetHints":{"allow":["GET"]}}],"collection":[{"href":"https:\/\/chronik.noblogs.org\/index.php?rest_route=\/wp\/v2\/posts"}],"about":[{"href":"https:\/\/chronik.noblogs.org\/index.php?rest_route=\/wp\/v2\/types\/post"}],"author":[{"embeddable":true,"href":"https:\/\/chronik.noblogs.org\/index.php?rest_route=\/wp\/v2\/users\/12080"}],"replies":[{"embeddable":true,"href":"https:\/\/chronik.noblogs.org\/index.php?rest_route=%2Fwp%2Fv2%2Fcomments&post=4291"}],"version-history":[{"count":0,"href":"https:\/\/chronik.noblogs.org\/index.php?rest_route=\/wp\/v2\/posts\/4291\/revisions"}],"wp:attachment":[{"href":"https:\/\/chronik.noblogs.org\/index.php?rest_route=%2Fwp%2Fv2%2Fmedia&parent=4291"}],"wp:term":[{"taxonomy":"category","embeddable":true,"href":"https:\/\/chronik.noblogs.org\/index.php?rest_route=%2Fwp%2Fv2%2Fcategories&post=4291"},{"taxonomy":"post_tag","embeddable":true,"href":"https:\/\/chronik.noblogs.org\/index.php?rest_route=%2Fwp%2Fv2%2Ftags&post=4291"}],"curies":[{"name":"wp","href":"https:\/\/api.w.org\/{rel}","templated":true}]}}