{"id":4279,"date":"2016-08-10T00:00:58","date_gmt":"2016-08-09T22:00:58","guid":{"rendered":"http:\/\/chronik.blackblogs.org\/?p=4279"},"modified":"2016-08-10T00:00:58","modified_gmt":"2016-08-09T22:00:58","slug":"farbe-gegen-haus-und-motorroller-von-afd-funktionaeren","status":"publish","type":"post","link":"https:\/\/chronik.noblogs.org\/?p=4279","title":{"rendered":"Farbe gegen Haus und Motorroller von AfD-Funktion\u00e4ren"},"content":{"rendered":"<p><strong><a href=\"https:\/\/chronik.blackblogs.org\/wp-content\/uploads\/sites\/109\/2016\/08\/198503.jpg\"><img loading=\"lazy\" decoding=\"async\" class=\"alignright size-medium wp-image-5027\" src=\"https:\/\/chronik.blackblogs.org\/wp-content\/uploads\/sites\/109\/2016\/08\/198503-199x300.jpg\" alt=\"198503\" width=\"199\" height=\"300\" \/><\/a>Berlin<\/strong>, 10. August 2016<\/p>\n<blockquote><p>wir haben die villa des geistigen brandstifters rolf conradi im borkener weg 21 in 13507 tegel mit 6 litern farbe aus einem umgebauten feuerl\u00f6scher bespr\u00fcht. conradi sitzt im bezirksvorstand der afd reinickendorf. er arbeitet bei der bundesgesch\u00e4ftsstelle der landesbausparkassen. wie conradi entsammen die funktion\u00e4re der afd h\u00e4ufig dem gutsituierten b\u00fcrgertum und haben wenig gemein mit dem kleinen mann, den sie umgarnen.<\/p>\n<p>au\u00dferdem wurde das moped (rot, kennzeichen 709 BLO) vom bvv-kandidaten der afd charlottenburg-wilmersdorf, markus bolsch, vor seiner wohnanschrift in der karlsruher stra\u00dfe 11 in 10711 halensee gro\u00dfz\u00fcgig mit lack \u00fcbersch\u00fcttet.<br \/>\n<!--more--><br \/>\nin dieser woche wurde in buch ein containerheim in brand gesetzt und in adlershof pyrotechnik durch das fenster einer unterkunft geworfen. eine mitverantwortung f\u00fcr rassistische angriffe tragen auch die geistigen brandstrifter der afd. betrachtet die aktionen also als eine antwort auf den angesto\u00dfenen rassistischen diskurs.<\/p>\n<p>nationalismus ist keine alternative, die wahl des geringeren \u00fcbels aber auch nicht.<br \/>\nwir haben keine wahl: wahlkampf sabotieren!<\/p>\n<p>ps: wir haben uns \u00fcber die initiative in johannisthal gefreut. am ersten august wurde dort ein brand in einem materiallager der afd gelegt. wir gehen davon aus, dass die garage von oliver lamprecht, wohnhaft in der winckelmannstra\u00dfe 31 in 12487 johannisthal angemietet wurde. danke auch f\u00fcr die recherchebrosch\u00fcre zur afd berlin. https:\/\/www.antifa-berlin.info\/node\/1202<\/p><\/blockquote>\n<p><strong>Quelle<\/strong>: <a href=\"https:\/\/linksunten.indymedia.org\/de\/node\/187140\">Linksunten<\/a><\/p>\n","protected":false},"excerpt":{"rendered":"<p>Berlin, 10. August 2016 wir haben die villa des geistigen brandstifters rolf conradi im borkener weg 21 in 13507 tegel mit 6 litern farbe aus einem umgebauten feuerl\u00f6scher bespr\u00fcht. conradi sitzt im bezirksvorstand der afd reinickendorf. er arbeitet bei der bundesgesch\u00e4ftsstelle der landesbausparkassen. wie conradi entsammen die funktion\u00e4re der afd h\u00e4ufig dem gutsituierten b\u00fcrgertum und [&hellip;]<\/p>\n","protected":false},"author":12080,"featured_media":0,"comment_status":"closed","ping_status":"closed","sticky":false,"template":"","format":"standard","meta":{"footnotes":""},"categories":[2],"tags":[24],"class_list":["post-4279","post","type-post","status-publish","format-standard","hentry","category-de","tag-berlin"],"_links":{"self":[{"href":"https:\/\/chronik.noblogs.org\/index.php?rest_route=\/wp\/v2\/posts\/4279","targetHints":{"allow":["GET"]}}],"collection":[{"href":"https:\/\/chronik.noblogs.org\/index.php?rest_route=\/wp\/v2\/posts"}],"about":[{"href":"https:\/\/chronik.noblogs.org\/index.php?rest_route=\/wp\/v2\/types\/post"}],"author":[{"embeddable":true,"href":"https:\/\/chronik.noblogs.org\/index.php?rest_route=\/wp\/v2\/users\/12080"}],"replies":[{"embeddable":true,"href":"https:\/\/chronik.noblogs.org\/index.php?rest_route=%2Fwp%2Fv2%2Fcomments&post=4279"}],"version-history":[{"count":0,"href":"https:\/\/chronik.noblogs.org\/index.php?rest_route=\/wp\/v2\/posts\/4279\/revisions"}],"wp:attachment":[{"href":"https:\/\/chronik.noblogs.org\/index.php?rest_route=%2Fwp%2Fv2%2Fmedia&parent=4279"}],"wp:term":[{"taxonomy":"category","embeddable":true,"href":"https:\/\/chronik.noblogs.org\/index.php?rest_route=%2Fwp%2Fv2%2Fcategories&post=4279"},{"taxonomy":"post_tag","embeddable":true,"href":"https:\/\/chronik.noblogs.org\/index.php?rest_route=%2Fwp%2Fv2%2Ftags&post=4279"}],"curies":[{"name":"wp","href":"https:\/\/api.w.org\/{rel}","templated":true}]}}