{"id":4277,"date":"2016-08-08T00:00:16","date_gmt":"2016-08-07T22:00:16","guid":{"rendered":"http:\/\/chronik.blackblogs.org\/?p=4277"},"modified":"2016-08-08T00:00:16","modified_gmt":"2016-08-07T22:00:16","slug":"naziauto-abgefackelt","status":"publish","type":"post","link":"https:\/\/chronik.noblogs.org\/?p=4277","title":{"rendered":"Naziauto abgefackelt"},"content":{"rendered":"<p><strong>Bremen<\/strong>, 8. August 2016<\/p>\n<blockquote><p>leider waren wir zur faschohochzeit von michaela und jens jagemann am 06.08.2016 nicht eingeladen aber wir haben es uns trotzdem nicht nehmen lassen unser pers\u00f6nliches hochzeitsgeschenk direkt vor der haust\u00fcr abzustellen und haben ihre karre abgefackelt<\/p>\n<p>presse: &#8220;Nach Angaben der Polizei meldeten Anwohner das brennende Auto in der Arberger Heerstra\u00dfe im Ortsteil Arbergen gegen 3 Uhr am Montagmorgen. Der Wagen habe beim Eintreffen der Beamten bereits zu gro\u00dfen Teilen in Flammen gestanden, hei\u00dft es in einer Mitteilung. Die Feuerwehr l\u00f6schte das Feuer; ein daneben stehendes Auto, ein Kraftrad sowie ein Carport wurden durch die starke Hitze auch in Mitleidenschaft gezogen.&#8221;<br \/>\n<!--more--><br \/>\naktivit\u00e4ten der beiden faschisten<\/p>\n<blockquote class=\"wp-embedded-content\" data-secret=\"bbw0pEEsiM\"><p><a href=\"https:\/\/antifa-bremen.org\/was-ging-ab\/2014\/hohl-gewalttaetige-sammelbewegung\/\">HOhl-GEwalt\u00adt\u00e4\u00adtige SAmmelbewegung<\/a><\/p><\/blockquote>\n<p><iframe loading=\"lazy\" class=\"wp-embedded-content\" sandbox=\"allow-scripts\" security=\"restricted\" style=\"position: absolute; clip: rect(1px, 1px, 1px, 1px);\" title=\"&#8222;HOhl-GEwalt\u00adt\u00e4\u00adtige SAmmelbewegung&#8220; &#8212; antifa-bremen.org\" src=\"https:\/\/antifa-bremen.org\/was-ging-ab\/2014\/hohl-gewalttaetige-sammelbewegung\/embed\/#?secret=W6hwUARy2t#?secret=bbw0pEEsiM\" data-secret=\"bbw0pEEsiM\" width=\"600\" height=\"338\" frameborder=\"0\" marginwidth=\"0\" marginheight=\"0\" scrolling=\"no\"><\/iframe><\/p>\n<blockquote class=\"wp-embedded-content\" data-secret=\"POY1BWimwf\"><p><a href=\"https:\/\/antifa-bremen.org\/was-ging-ab\/2014\/hogesa-recycling-in-hannover\/\">HoGeSa-Recy\u00adcling in Hannover<\/a><\/p><\/blockquote>\n<p><iframe loading=\"lazy\" class=\"wp-embedded-content\" sandbox=\"allow-scripts\" security=\"restricted\" style=\"position: absolute; clip: rect(1px, 1px, 1px, 1px);\" title=\"&#8222;HoGeSa-Recy\u00adcling in Hannover&#8220; &#8212; antifa-bremen.org\" src=\"https:\/\/antifa-bremen.org\/was-ging-ab\/2014\/hogesa-recycling-in-hannover\/embed\/#?secret=rZ4dmDs3hd#?secret=POY1BWimwf\" data-secret=\"POY1BWimwf\" width=\"600\" height=\"338\" frameborder=\"0\" marginwidth=\"0\" marginheight=\"0\" scrolling=\"no\"><\/iframe><\/p>\n<blockquote class=\"wp-embedded-content\" data-secret=\"w1fWATVup6\"><p><a href=\"https:\/\/antifa-bremen.org\/was-ging-ab\/2015\/rechte-hooligans-attackieren-werder-ultras\/\">Rechte Hoo\u00adli\u00adgans atta\u00adckie\u00adren Werder-Ultras<\/a><\/p><\/blockquote>\n<p><iframe loading=\"lazy\" class=\"wp-embedded-content\" sandbox=\"allow-scripts\" security=\"restricted\" style=\"position: absolute; clip: rect(1px, 1px, 1px, 1px);\" title=\"&#8222;Rechte Hoo\u00adli\u00adgans atta\u00adckie\u00adren Werder-Ultras&#8220; &#8212; antifa-bremen.org\" src=\"https:\/\/antifa-bremen.org\/was-ging-ab\/2015\/rechte-hooligans-attackieren-werder-ultras\/embed\/#?secret=yNsZWfWdrE#?secret=w1fWATVup6\" data-secret=\"w1fWATVup6\" width=\"600\" height=\"338\" frameborder=\"0\" marginwidth=\"0\" marginheight=\"0\" scrolling=\"no\"><\/iframe><\/p>\n<blockquote class=\"wp-embedded-content\" data-secret=\"FA0ApuG8BI\"><p><a href=\"https:\/\/antifa-bremen.org\/was-ging-ab\/2015\/gsd-auftrieb-in-erfurt\/\">GSD-Auf\u00adtrieb in Erfurt<\/a><\/p><\/blockquote>\n<p><iframe loading=\"lazy\" class=\"wp-embedded-content\" sandbox=\"allow-scripts\" security=\"restricted\" style=\"position: absolute; clip: rect(1px, 1px, 1px, 1px);\" title=\"&#8222;GSD-Auf\u00adtrieb in Erfurt&#8220; &#8212; antifa-bremen.org\" src=\"https:\/\/antifa-bremen.org\/was-ging-ab\/2015\/gsd-auftrieb-in-erfurt\/embed\/#?secret=yVGyd9HN0E#?secret=FA0ApuG8BI\" data-secret=\"FA0ApuG8BI\" width=\"600\" height=\"338\" frameborder=\"0\" marginwidth=\"0\" marginheight=\"0\" scrolling=\"no\"><\/iframe><\/p>\n<blockquote class=\"wp-embedded-content\" data-secret=\"O0FHjNzwGb\"><p><a href=\"https:\/\/antifa-bremen.org\/was-ging-ab\/2015\/tag-der-patridioten\/\">Tag der Patridioten<\/a><\/p><\/blockquote>\n<p><iframe loading=\"lazy\" class=\"wp-embedded-content\" sandbox=\"allow-scripts\" security=\"restricted\" style=\"position: absolute; clip: rect(1px, 1px, 1px, 1px);\" title=\"&#8222;Tag der Patridioten&#8220; &#8212; antifa-bremen.org\" src=\"https:\/\/antifa-bremen.org\/was-ging-ab\/2015\/tag-der-patridioten\/embed\/#?secret=mNOHxFpE2i#?secret=O0FHjNzwGb\" data-secret=\"O0FHjNzwGb\" width=\"600\" height=\"338\" frameborder=\"0\" marginwidth=\"0\" marginheight=\"0\" scrolling=\"no\"><\/iframe><br \/>\nhttps:\/\/antifa-bremen.org\/was-ging-ab\/2016\/bremer-gsd-nazis-in-magdeburg<\/p><\/blockquote>\n<p><strong>Quelle<\/strong>: <a href=\"https:\/\/linksunten.indymedia.org\/de\/node\/187013\">Linksunten<\/a><\/p>\n","protected":false},"excerpt":{"rendered":"<p>Bremen, 8. August 2016 leider waren wir zur faschohochzeit von michaela und jens jagemann am 06.08.2016 nicht eingeladen aber wir haben es uns trotzdem nicht nehmen lassen unser pers\u00f6nliches hochzeitsgeschenk direkt vor der haust\u00fcr abzustellen und haben ihre karre abgefackelt presse: &#8220;Nach Angaben der Polizei meldeten Anwohner das brennende Auto in der Arberger Heerstra\u00dfe im [&hellip;]<\/p>\n","protected":false},"author":12080,"featured_media":0,"comment_status":"closed","ping_status":"closed","sticky":false,"template":"","format":"standard","meta":{"footnotes":""},"categories":[2],"tags":[32],"class_list":["post-4277","post","type-post","status-publish","format-standard","hentry","category-de","tag-bremen"],"_links":{"self":[{"href":"https:\/\/chronik.noblogs.org\/index.php?rest_route=\/wp\/v2\/posts\/4277","targetHints":{"allow":["GET"]}}],"collection":[{"href":"https:\/\/chronik.noblogs.org\/index.php?rest_route=\/wp\/v2\/posts"}],"about":[{"href":"https:\/\/chronik.noblogs.org\/index.php?rest_route=\/wp\/v2\/types\/post"}],"author":[{"embeddable":true,"href":"https:\/\/chronik.noblogs.org\/index.php?rest_route=\/wp\/v2\/users\/12080"}],"replies":[{"embeddable":true,"href":"https:\/\/chronik.noblogs.org\/index.php?rest_route=%2Fwp%2Fv2%2Fcomments&post=4277"}],"version-history":[{"count":0,"href":"https:\/\/chronik.noblogs.org\/index.php?rest_route=\/wp\/v2\/posts\/4277\/revisions"}],"wp:attachment":[{"href":"https:\/\/chronik.noblogs.org\/index.php?rest_route=%2Fwp%2Fv2%2Fmedia&parent=4277"}],"wp:term":[{"taxonomy":"category","embeddable":true,"href":"https:\/\/chronik.noblogs.org\/index.php?rest_route=%2Fwp%2Fv2%2Fcategories&post=4277"},{"taxonomy":"post_tag","embeddable":true,"href":"https:\/\/chronik.noblogs.org\/index.php?rest_route=%2Fwp%2Fv2%2Ftags&post=4277"}],"curies":[{"name":"wp","href":"https:\/\/api.w.org\/{rel}","templated":true}]}}