{"id":4242,"date":"2016-07-10T00:00:57","date_gmt":"2016-07-09T22:00:57","guid":{"rendered":"http:\/\/chronik.blackblogs.org\/?p=4242"},"modified":"2016-07-10T00:00:57","modified_gmt":"2016-07-09T22:00:57","slug":"pietre-e-fuoco-al-spittelmarkt","status":"publish","type":"post","link":"https:\/\/chronik.noblogs.org\/?p=4242","title":{"rendered":"Pietre e fuoco al Spittelmarkt"},"content":{"rendered":"<p><strong><a href=\"https:\/\/chronik.blackblogs.org\/wp-content\/uploads\/sites\/109\/2016\/07\/184878.jpg\"><img loading=\"lazy\" decoding=\"async\" class=\"alignright size-medium wp-image-4018\" src=\"https:\/\/chronik.blackblogs.org\/wp-content\/uploads\/sites\/109\/2016\/07\/184878-300x169.jpg\" alt=\"184878\" width=\"300\" height=\"169\" \/><\/a>Berlino (Berlin)<\/strong>,\u00a010 Iuglio 2016<\/p>\n<blockquote><p>Siamo davvero molto incazzatx per lo sgombero della Kadterschmiede. Siamo molto contentx per l&#8217;appello a un Iuglio nero. Questi sentimenti li abbiamo sfogati e come contributo all&#8217;appello abbiamo colpito presso lo Spittelmarkt a Berlino-Mitte nella notte del 10\/07\/2016.<\/p>\n<p>Attaccando due auto di grande valore sul retro del ministero degli ordigni incendiari. Nel contempo abbiamo espresso il nostro rifiuto di una citt\u00e0 capitalista togliendo ogni lustro alle pompose vetrine del pianoterra del \u201eHaus Spittelmarkt\u201c con la vernice e le pietre.<br \/>\n<!--more--><br \/>\nLe minacce di sgombero da parte delle autorit\u00e0 continuano e cos\u00ec anche noi daremo dei giri di vite all&#8217;escalation finch\u00e8 si rinuncia allo sgombero del M99 a Kreuzberg e gli sbirri e la sicurezza si sono tolti di torno dalla Rigaer.<\/p>\n<p>Saluti focosi li mandiamo alle galere: alle due persone che dalla demo del sabato sono in carcerazione preventiva e ax anarchicx che sono statx arrestatx per l&#8217;azione di esproprio ad Aachen e ora attendono il processo.<\/p>\n<p>Tanta forza e capacit\u00e0 di resitenza! Libert\u00e0 per tuttx!<\/p>\n<p>Cordialissimamente,<br \/>\nLx amicx della compagnia per bene delle grigliata<\/p><\/blockquote>\n<p><strong>Fonte<\/strong>: <a href=\"https:\/\/linksunten.indymedia.org\/it\/node\/187453\">Linksunten<\/a><\/p>\n<p>&nbsp;<\/p>\n<!-- Here be dragons but no images. -->\n","protected":false},"excerpt":{"rendered":"<p>Berlino (Berlin),\u00a010 Iuglio 2016 Siamo davvero molto incazzatx per lo sgombero della Kadterschmiede. Siamo molto contentx per l&#8217;appello a un Iuglio nero. Questi sentimenti li abbiamo sfogati e come contributo all&#8217;appello abbiamo colpito presso lo Spittelmarkt a Berlino-Mitte nella notte del 10\/07\/2016. Attaccando due auto di grande valore sul retro del ministero degli ordigni incendiari. [&hellip;]<\/p>\n","protected":false},"author":12080,"featured_media":0,"comment_status":"closed","ping_status":"closed","sticky":false,"template":"","format":"standard","meta":{"footnotes":""},"categories":[6],"tags":[24],"class_list":["post-4242","post","type-post","status-publish","format-standard","hentry","category-it","tag-berlin"],"_links":{"self":[{"href":"https:\/\/chronik.noblogs.org\/index.php?rest_route=\/wp\/v2\/posts\/4242","targetHints":{"allow":["GET"]}}],"collection":[{"href":"https:\/\/chronik.noblogs.org\/index.php?rest_route=\/wp\/v2\/posts"}],"about":[{"href":"https:\/\/chronik.noblogs.org\/index.php?rest_route=\/wp\/v2\/types\/post"}],"author":[{"embeddable":true,"href":"https:\/\/chronik.noblogs.org\/index.php?rest_route=\/wp\/v2\/users\/12080"}],"replies":[{"embeddable":true,"href":"https:\/\/chronik.noblogs.org\/index.php?rest_route=%2Fwp%2Fv2%2Fcomments&post=4242"}],"version-history":[{"count":0,"href":"https:\/\/chronik.noblogs.org\/index.php?rest_route=\/wp\/v2\/posts\/4242\/revisions"}],"wp:attachment":[{"href":"https:\/\/chronik.noblogs.org\/index.php?rest_route=%2Fwp%2Fv2%2Fmedia&parent=4242"}],"wp:term":[{"taxonomy":"category","embeddable":true,"href":"https:\/\/chronik.noblogs.org\/index.php?rest_route=%2Fwp%2Fv2%2Fcategories&post=4242"},{"taxonomy":"post_tag","embeddable":true,"href":"https:\/\/chronik.noblogs.org\/index.php?rest_route=%2Fwp%2Fv2%2Ftags&post=4242"}],"curies":[{"name":"wp","href":"https:\/\/api.w.org\/{rel}","templated":true}]}}