{"id":4230,"date":"2016-07-05T00:00:49","date_gmt":"2016-07-04T22:00:49","guid":{"rendered":"http:\/\/chronik.blackblogs.org\/?p=4230"},"modified":"2016-07-05T00:00:49","modified_gmt":"2016-07-04T22:00:49","slug":"2-auto-bruciate","status":"publish","type":"post","link":"https:\/\/chronik.noblogs.org\/?p=4230","title":{"rendered":"2 auto bruciate"},"content":{"rendered":"<p><strong><a href=\"https:\/\/chronik.blackblogs.org\/wp-content\/uploads\/sites\/109\/2016\/07\/185030.jpg\"><img loading=\"lazy\" decoding=\"async\" class=\"alignright size-medium wp-image-4003\" src=\"https:\/\/chronik.blackblogs.org\/wp-content\/uploads\/sites\/109\/2016\/07\/185030-300x170.jpg\" alt=\"185030\" width=\"300\" height=\"170\" \/><\/a>Kassel,<\/strong> <strong>\u00a0<\/strong>5 Iuglio 2016<strong><br \/>\n<\/strong><\/p>\n<blockquote><p>Da settimane la Rigaer94 \u00e8 vessata dai poliziotti. Anche a Kassel si dimostra solidariet\u00e0: nella notte a luned\u00ec 05\/07\/2016 sia nella Citt\u00e0 Sud sia nel Ovest Anteriore sono state incendiate due auti di Lusso. Vicino alle auto fu pruzzato R94 sulla strada, cosa non menzionata dalla polizia e dai media.<\/p>\n<p>Si tratta dell&#8217;articolo:<br \/>\nhttp:\/\/www.hna.de\/kassel\/suedstadt-ort92873\/kassel-wieder-brannten-zwei-autos-6541290.html<br \/>\n<!--more--><br \/>\nStamani, otto giorni dopo, nella notte al 12\/07, davanti all&#8217;edificio universitario in piazza Olanda fu appeso uno striscione.<\/p>\n<p>L&#8217;azione fu eseguita circa alle 04:30h e osservata dai collaboratx della uni che subito chiamarono la sicurezza che 30 minuti dopo toglieva lo striscione.<\/p>\n<p>Purtroppo non ci sono delle riprese dell&#8217;azione.<\/p>\n<p>Il testo dello striscione:<\/p>\n<p>\u201ecreare e difendere degli<br \/>\nSPAZI (A)UTONOMI<br \/>\ndimostrate SOLIDARIET\u00c0 alla Rigaer 94 Berlino\u201c<\/p>\n<p>Ogni sgombero ha il suo prezzo!<\/p>\n<p>Mostrate solidariet\u00e0 e mettete in ginocchio la politica!<\/p><\/blockquote>\n<p><strong>Fonte<\/strong>: <a href=\"https:\/\/linksunten.indymedia.org\/de\/node\/187448\">Linksunten<\/a><\/p>\n","protected":false},"excerpt":{"rendered":"<p>Kassel, \u00a05 Iuglio 2016 Da settimane la Rigaer94 \u00e8 vessata dai poliziotti. Anche a Kassel si dimostra solidariet\u00e0: nella notte a luned\u00ec 05\/07\/2016 sia nella Citt\u00e0 Sud sia nel Ovest Anteriore sono state incendiate due auti di Lusso. Vicino alle auto fu pruzzato R94 sulla strada, cosa non menzionata dalla polizia e dai media. Si [&hellip;]<\/p>\n","protected":false},"author":12080,"featured_media":0,"comment_status":"closed","ping_status":"closed","sticky":false,"template":"","format":"standard","meta":{"footnotes":""},"categories":[6],"tags":[109],"class_list":["post-4230","post","type-post","status-publish","format-standard","hentry","category-it","tag-kassel"],"_links":{"self":[{"href":"https:\/\/chronik.noblogs.org\/index.php?rest_route=\/wp\/v2\/posts\/4230","targetHints":{"allow":["GET"]}}],"collection":[{"href":"https:\/\/chronik.noblogs.org\/index.php?rest_route=\/wp\/v2\/posts"}],"about":[{"href":"https:\/\/chronik.noblogs.org\/index.php?rest_route=\/wp\/v2\/types\/post"}],"author":[{"embeddable":true,"href":"https:\/\/chronik.noblogs.org\/index.php?rest_route=\/wp\/v2\/users\/12080"}],"replies":[{"embeddable":true,"href":"https:\/\/chronik.noblogs.org\/index.php?rest_route=%2Fwp%2Fv2%2Fcomments&post=4230"}],"version-history":[{"count":0,"href":"https:\/\/chronik.noblogs.org\/index.php?rest_route=\/wp\/v2\/posts\/4230\/revisions"}],"wp:attachment":[{"href":"https:\/\/chronik.noblogs.org\/index.php?rest_route=%2Fwp%2Fv2%2Fmedia&parent=4230"}],"wp:term":[{"taxonomy":"category","embeddable":true,"href":"https:\/\/chronik.noblogs.org\/index.php?rest_route=%2Fwp%2Fv2%2Fcategories&post=4230"},{"taxonomy":"post_tag","embeddable":true,"href":"https:\/\/chronik.noblogs.org\/index.php?rest_route=%2Fwp%2Fv2%2Ftags&post=4230"}],"curies":[{"name":"wp","href":"https:\/\/api.w.org\/{rel}","templated":true}]}}