{"id":4208,"date":"2016-06-28T00:00:04","date_gmt":"2016-06-27T22:00:04","guid":{"rendered":"http:\/\/chronik.blackblogs.org\/?p=4208"},"modified":"2016-06-28T00:00:04","modified_gmt":"2016-06-27T22:00:04","slug":"vernice-a-thor-steinar-outlet","status":"publish","type":"post","link":"https:\/\/chronik.noblogs.org\/?p=4208","title":{"rendered":"Vernice a Thor Steinar Outlet"},"content":{"rendered":"<p><strong><a href=\"https:\/\/chronik.blackblogs.org\/wp-content\/uploads\/sites\/109\/2016\/06\/183981.jpg\"><img loading=\"lazy\" decoding=\"async\" class=\"alignright size-medium wp-image-3931\" src=\"https:\/\/chronik.blackblogs.org\/wp-content\/uploads\/sites\/109\/2016\/06\/183981-300x300.jpg\" alt=\"183981\" width=\"300\" height=\"300\" \/><\/a>Dresda (Dresden)<\/strong>, 28 giugno 2016<\/p>\n<blockquote><p>Nella notte da luned\u00ec a marted\u00ec attaccato con la vernice il nuovo Thor Steinar Outlet (in via Kesselsdorfer 21) a Dresda-L\u00f6btau. Inoltre avvisiamo che l&#8217;altro Thor Steinar \u201eLarvik\u201c ha cambiato sede. Ora si trova in St. Petersburger 28 (\u201cPrager Zeile\u201d). Anche a questo piacerebbe uns visita!<br \/>\n<!--more--><br \/>\nIn ambo i negozi di giorno c&#8217;\u00e8 quasi sempre solo una venditrice che attendono un&#8217;ulteriore \u201eclientela\u201c. Radere al suolo i negozi nazi!<\/p><\/blockquote>\n<p><strong>Fonte<\/strong>: <a href=\"https:\/\/linksunten.indymedia.org\/en\/node\/187428\">Linksunten<\/a><\/p>\n","protected":false},"excerpt":{"rendered":"<p>Dresda (Dresden), 28 giugno 2016 Nella notte da luned\u00ec a marted\u00ec attaccato con la vernice il nuovo Thor Steinar Outlet (in via Kesselsdorfer 21) a Dresda-L\u00f6btau. Inoltre avvisiamo che l&#8217;altro Thor Steinar \u201eLarvik\u201c ha cambiato sede. Ora si trova in St. Petersburger 28 (\u201cPrager Zeile\u201d). Anche a questo piacerebbe uns visita!<\/p>\n","protected":false},"author":12080,"featured_media":0,"comment_status":"closed","ping_status":"closed","sticky":false,"template":"","format":"standard","meta":{"footnotes":""},"categories":[6],"tags":[52],"class_list":["post-4208","post","type-post","status-publish","format-standard","hentry","category-it","tag-dresden"],"_links":{"self":[{"href":"https:\/\/chronik.noblogs.org\/index.php?rest_route=\/wp\/v2\/posts\/4208","targetHints":{"allow":["GET"]}}],"collection":[{"href":"https:\/\/chronik.noblogs.org\/index.php?rest_route=\/wp\/v2\/posts"}],"about":[{"href":"https:\/\/chronik.noblogs.org\/index.php?rest_route=\/wp\/v2\/types\/post"}],"author":[{"embeddable":true,"href":"https:\/\/chronik.noblogs.org\/index.php?rest_route=\/wp\/v2\/users\/12080"}],"replies":[{"embeddable":true,"href":"https:\/\/chronik.noblogs.org\/index.php?rest_route=%2Fwp%2Fv2%2Fcomments&post=4208"}],"version-history":[{"count":0,"href":"https:\/\/chronik.noblogs.org\/index.php?rest_route=\/wp\/v2\/posts\/4208\/revisions"}],"wp:attachment":[{"href":"https:\/\/chronik.noblogs.org\/index.php?rest_route=%2Fwp%2Fv2%2Fmedia&parent=4208"}],"wp:term":[{"taxonomy":"category","embeddable":true,"href":"https:\/\/chronik.noblogs.org\/index.php?rest_route=%2Fwp%2Fv2%2Fcategories&post=4208"},{"taxonomy":"post_tag","embeddable":true,"href":"https:\/\/chronik.noblogs.org\/index.php?rest_route=%2Fwp%2Fv2%2Ftags&post=4208"}],"curies":[{"name":"wp","href":"https:\/\/api.w.org\/{rel}","templated":true}]}}