{"id":4199,"date":"2016-06-27T00:00:56","date_gmt":"2016-06-26T22:00:56","guid":{"rendered":"http:\/\/chronik.blackblogs.org\/?p=4199"},"modified":"2016-06-27T00:00:56","modified_gmt":"2016-06-26T22:00:56","slug":"pietre-e-vernice-a-costruzioni-di-lusso","status":"publish","type":"post","link":"https:\/\/chronik.noblogs.org\/?p=4199","title":{"rendered":"Pietre e vernice a costruzioni di lusso"},"content":{"rendered":"<p><strong>Brema (Bremen)<\/strong>, 27 giugno 2016<\/p>\n<blockquote><p>In solidariet\u00e0 con la Rigaer94 e come piccolo contributo ai 10 milioni, nella notte di luned\u00ec andammo all&#8217;immobiliare von Poll e ne distruggemmo tutti i vetri e la porta.<\/p>\n<p>Generalmente, l&#8217;accesso alla citt\u00e0 gentrificata passa via i mediatori \u2013 si occupano della classifica in buone capacit\u00e0 finanziarie-ben inserito-desiderato e povero misero-indesiderabile. Profittano della durezza del mercato della casa e di ogni sgombero coatto.<br \/>\n<!--more--><br \/>\nConcrtamente, von Poll Immobilien fornisce degli immobili di lusso a livello federale, per cui gi\u00e0 in altre citt\u00e0 divent\u00f2 l&#8217;obiettivo di attacchi militanti.<\/p>\n<p>Da poco tempo, la casa occupata Alte Sprotamt a Brema \u00e8 minacciata di sgombero. Alle minacce del senato possiamo rispondere solamente: ogni sgombero ha il suo prezzo.<\/p>\n<p>Ci vediamo il 9.7. a Berlino!<\/p><\/blockquote>\n<p><strong>Fonte<\/strong>: <a href=\"https:\/\/linksunten.indymedia.org\/en\/node\/187330\">Linksunten<\/a><\/p>\n","protected":false},"excerpt":{"rendered":"<p>Brema (Bremen), 27 giugno 2016 In solidariet\u00e0 con la Rigaer94 e come piccolo contributo ai 10 milioni, nella notte di luned\u00ec andammo all&#8217;immobiliare von Poll e ne distruggemmo tutti i vetri e la porta. Generalmente, l&#8217;accesso alla citt\u00e0 gentrificata passa via i mediatori \u2013 si occupano della classifica in buone capacit\u00e0 finanziarie-ben inserito-desiderato e povero [&hellip;]<\/p>\n","protected":false},"author":12080,"featured_media":0,"comment_status":"closed","ping_status":"closed","sticky":false,"template":"","format":"standard","meta":{"footnotes":""},"categories":[6],"tags":[32],"class_list":["post-4199","post","type-post","status-publish","format-standard","hentry","category-it","tag-bremen"],"_links":{"self":[{"href":"https:\/\/chronik.noblogs.org\/index.php?rest_route=\/wp\/v2\/posts\/4199","targetHints":{"allow":["GET"]}}],"collection":[{"href":"https:\/\/chronik.noblogs.org\/index.php?rest_route=\/wp\/v2\/posts"}],"about":[{"href":"https:\/\/chronik.noblogs.org\/index.php?rest_route=\/wp\/v2\/types\/post"}],"author":[{"embeddable":true,"href":"https:\/\/chronik.noblogs.org\/index.php?rest_route=\/wp\/v2\/users\/12080"}],"replies":[{"embeddable":true,"href":"https:\/\/chronik.noblogs.org\/index.php?rest_route=%2Fwp%2Fv2%2Fcomments&post=4199"}],"version-history":[{"count":0,"href":"https:\/\/chronik.noblogs.org\/index.php?rest_route=\/wp\/v2\/posts\/4199\/revisions"}],"wp:attachment":[{"href":"https:\/\/chronik.noblogs.org\/index.php?rest_route=%2Fwp%2Fv2%2Fmedia&parent=4199"}],"wp:term":[{"taxonomy":"category","embeddable":true,"href":"https:\/\/chronik.noblogs.org\/index.php?rest_route=%2Fwp%2Fv2%2Fcategories&post=4199"},{"taxonomy":"post_tag","embeddable":true,"href":"https:\/\/chronik.noblogs.org\/index.php?rest_route=%2Fwp%2Fv2%2Ftags&post=4199"}],"curies":[{"name":"wp","href":"https:\/\/api.w.org\/{rel}","templated":true}]}}