{"id":4173,"date":"2016-07-10T00:00:18","date_gmt":"2016-07-09T22:00:18","guid":{"rendered":"http:\/\/chronik.blackblogs.org\/?p=4173"},"modified":"2016-07-10T00:00:18","modified_gmt":"2016-07-09T22:00:18","slug":"scheibe-bei-afd-buero-eingeworfen","status":"publish","type":"post","link":"https:\/\/chronik.noblogs.org\/?p=4173","title":{"rendered":"Scheibe bei AfD-B\u00fcro eingeworfen"},"content":{"rendered":"<p><strong><a href=\"https:\/\/chronik.blackblogs.org\/wp-content\/uploads\/sites\/109\/2016\/07\/arnsb.jpg\"><img loading=\"lazy\" decoding=\"async\" class=\"alignright size-medium wp-image-4174\" src=\"https:\/\/chronik.blackblogs.org\/wp-content\/uploads\/sites\/109\/2016\/07\/arnsb-165x300.jpg\" alt=\"arnsb\" width=\"165\" height=\"300\" \/><\/a>Arnsberg<\/strong>, 10. Juli 2016<\/p>\n<blockquote><p>Ein bislang unbekannter T\u00e4ter zerst\u00f6rte am Wochenende mit einem Pflasterstein die gro\u00dfe Schaufensterscheibe des AfD-B\u00fcros an der Arnsberger Clemens-August-Stra\u00dfe.<\/p>\n<p>In der Nacht zum Sonntag kam es gegen 0.45 Uhr zu einem erneuten Angriff auf das B\u00fcro der Arnsberger AfD-Fraktion.<\/p>\n<p>Ein bislang unbekannter T\u00e4ter zerst\u00f6rte mit einem Pflasterstein die gro\u00dfe Schaufensterscheibe des AfD-B\u00fcros an der Arnsberger Clemens-August-Stra\u00dfe.<br \/>\n<!--more--><br \/>\nAufmerksame B\u00fcrger informierten umgehend die Polizei, die den Nahbereich sofort absuchte. \u201eNach diversen Farbschmierereien in der Vergangenheit und drei Sch\u00fcssen auf das B\u00fcro im Februar ist dieses ein erneuter Anschlag mit hohem Sachschaden\u201c, so J\u00fcrgen Antoni.<\/p>\n<p>Der AfD-Fraktionsvorsitzende im Arnsberger Stadtrat \u201edankt den Arnsberger B\u00fcrgern, die den T\u00e4ter angesprochen und umgehend die Polizei verst\u00e4ndigt haben.\u201c<\/p>\n<p>T\u00e4terbeschreibung liegt vor<\/p>\n<p>Nach Angaben von Zeugen handelt es sich bei dem T\u00e4ter um eine m\u00e4nnliche Person, ca. 20 bis 25 Jahre alt, kurze, blonde Haare. Der T\u00e4ter war bekleidet mit einer schwarzen, dreiviertellangen Hose und einem schwarzen T-Shirt. Nach Tatausf\u00fchrung fl\u00fcchtete der T\u00e4ter zu Fu\u00df in Richtung Hellefelder Stra\u00dfe.<\/p>\n<p>F\u00fcr Hinweise, die zur Ermittlung des T\u00e4ters, auch im Fall der Sch\u00fcsse auf das B\u00fcro im Februar, f\u00fchren, hat die AfD im Hochsauerlandkreis eine Belohnung in H\u00f6he von 2000 Euro ausgesetzt.<\/p><\/blockquote>\n<p><strong>Quelle<\/strong>: <a href=\"https:\/\/linksunten.indymedia.org\/de\/node\/184673\">NRZ<\/a><\/p>\n","protected":false},"excerpt":{"rendered":"<p>Arnsberg, 10. Juli 2016 Ein bislang unbekannter T\u00e4ter zerst\u00f6rte am Wochenende mit einem Pflasterstein die gro\u00dfe Schaufensterscheibe des AfD-B\u00fcros an der Arnsberger Clemens-August-Stra\u00dfe. In der Nacht zum Sonntag kam es gegen 0.45 Uhr zu einem erneuten Angriff auf das B\u00fcro der Arnsberger AfD-Fraktion. Ein bislang unbekannter T\u00e4ter zerst\u00f6rte mit einem Pflasterstein die gro\u00dfe Schaufensterscheibe des [&hellip;]<\/p>\n","protected":false},"author":12080,"featured_media":0,"comment_status":"closed","ping_status":"closed","sticky":false,"template":"","format":"standard","meta":{"footnotes":""},"categories":[2],"tags":[13],"class_list":["post-4173","post","type-post","status-publish","format-standard","hentry","category-de","tag-arnsberg"],"_links":{"self":[{"href":"https:\/\/chronik.noblogs.org\/index.php?rest_route=\/wp\/v2\/posts\/4173","targetHints":{"allow":["GET"]}}],"collection":[{"href":"https:\/\/chronik.noblogs.org\/index.php?rest_route=\/wp\/v2\/posts"}],"about":[{"href":"https:\/\/chronik.noblogs.org\/index.php?rest_route=\/wp\/v2\/types\/post"}],"author":[{"embeddable":true,"href":"https:\/\/chronik.noblogs.org\/index.php?rest_route=\/wp\/v2\/users\/12080"}],"replies":[{"embeddable":true,"href":"https:\/\/chronik.noblogs.org\/index.php?rest_route=%2Fwp%2Fv2%2Fcomments&post=4173"}],"version-history":[{"count":0,"href":"https:\/\/chronik.noblogs.org\/index.php?rest_route=\/wp\/v2\/posts\/4173\/revisions"}],"wp:attachment":[{"href":"https:\/\/chronik.noblogs.org\/index.php?rest_route=%2Fwp%2Fv2%2Fmedia&parent=4173"}],"wp:term":[{"taxonomy":"category","embeddable":true,"href":"https:\/\/chronik.noblogs.org\/index.php?rest_route=%2Fwp%2Fv2%2Fcategories&post=4173"},{"taxonomy":"post_tag","embeddable":true,"href":"https:\/\/chronik.noblogs.org\/index.php?rest_route=%2Fwp%2Fv2%2Ftags&post=4173"}],"curies":[{"name":"wp","href":"https:\/\/api.w.org\/{rel}","templated":true}]}}