{"id":4148,"date":"2016-07-25T00:00:40","date_gmt":"2016-07-24T22:00:40","guid":{"rendered":"http:\/\/chronik.blackblogs.org\/?p=4148"},"modified":"2016-07-25T00:00:40","modified_gmt":"2016-07-24T22:00:40","slug":"farbe-gegen-gebaeude-der-cg-gruppe","status":"publish","type":"post","link":"https:\/\/chronik.noblogs.org\/?p=4148","title":{"rendered":"Farbe gegen Geb\u00e4ude der CG-Gruppe"},"content":{"rendered":"<p><strong><a href=\"https:\/\/chronik.blackblogs.org\/wp-content\/uploads\/sites\/109\/2016\/07\/185965.jpg\"><img loading=\"lazy\" decoding=\"async\" class=\"alignright size-medium wp-image-4149\" src=\"https:\/\/chronik.blackblogs.org\/wp-content\/uploads\/sites\/109\/2016\/07\/185965-300x225.jpg\" alt=\"185965\" width=\"300\" height=\"225\" \/><\/a>Leipzig<\/strong>, 25. Juli 2016<\/p>\n<blockquote><p>Wir haben in den fr\u00fchen Morgenstunden des 25.7. einem k\u00fcrzlich er\u00f6ffneten Wohn- und Gesch\u00e4ftshaus (1) einige Farbeier an die blanke Fassade geworfen und Rigaer-freundliche sowie CG-feindliche Parolen hinterlassen.<\/p>\n<p>In Berlin gab es vor einigen Wochen eine Werbeveranstaltung f\u00fcr das Luxuswohnprojekt der CG-Gruppe &#8220;Carre Sama-Riga&#8221; in der Nachbarschaft der R94. Nachdem das Konzept &#8216;Dialog mit dem B\u00fcrger&#8217; f\u00fcr Christoph Gr\u00f6ner (Vostand der CG-Gruppe) nicht aufging hat er in Rage, seine Vorstellungen zur Durchsetzung des Neubaus auf den Punkt gebracht: Er kann auch einfach auf die Bewohner_innen des Viertels schei\u00dfen und mit Securities die k\u00fcnftige Baustelle bewachen lassen.<br \/>\n<!--more--><br \/>\nWir haben diese arrogante Kampfansage gegen uns verstanden und setzen eine Erwartungsfrohe dagegen: Wahrscheinlich ist es unter herausfordernden Umst\u00e4nden m\u00f6glich die Baustelle in der Rigaer Stra\u00dfe zu bewachen. Es wird allerdings teuer, das auch f\u00fcr alle anderen Projekte der CG-Gruppe und ihrer T\u00f6chter (3) zu organisieren.<\/p>\n<p>Die GG-Gruppe ist an vielen Orten,<\/p>\n<p>wir sind \u00fcberall.<\/p>\n<p>&nbsp;<\/p>\n<p>(1) http:\/\/www.lvz.de\/Leipzig\/Lokales\/Bauunternehmen-CG-Gruppe-feiert-Einweihung-von-LKG-Carre<\/p>\n<p>(2) https:\/\/linksunten.indymedia.org\/en\/node\/181711<\/p>\n<p>(3) https:\/\/linksunten.indymedia.org\/system\/files\/images\/1265664013.thumbnail.png<\/p><\/blockquote>\n<p><strong>Quelle<\/strong>: <a href=\"https:\/\/linksunten.indymedia.org\/de\/node\/185935\">Linksunten<\/a><\/p>\n<p>&nbsp;<\/p>\n<!-- Here be dragons but no images. -->\n","protected":false},"excerpt":{"rendered":"<p>Leipzig, 25. Juli 2016 Wir haben in den fr\u00fchen Morgenstunden des 25.7. einem k\u00fcrzlich er\u00f6ffneten Wohn- und Gesch\u00e4ftshaus (1) einige Farbeier an die blanke Fassade geworfen und Rigaer-freundliche sowie CG-feindliche Parolen hinterlassen. In Berlin gab es vor einigen Wochen eine Werbeveranstaltung f\u00fcr das Luxuswohnprojekt der CG-Gruppe &#8220;Carre Sama-Riga&#8221; in der Nachbarschaft der R94. Nachdem das [&hellip;]<\/p>\n","protected":false},"author":12080,"featured_media":0,"comment_status":"closed","ping_status":"closed","sticky":false,"template":"","format":"standard","meta":{"footnotes":""},"categories":[2],"tags":[124],"class_list":["post-4148","post","type-post","status-publish","format-standard","hentry","category-de","tag-leipzig"],"_links":{"self":[{"href":"https:\/\/chronik.noblogs.org\/index.php?rest_route=\/wp\/v2\/posts\/4148","targetHints":{"allow":["GET"]}}],"collection":[{"href":"https:\/\/chronik.noblogs.org\/index.php?rest_route=\/wp\/v2\/posts"}],"about":[{"href":"https:\/\/chronik.noblogs.org\/index.php?rest_route=\/wp\/v2\/types\/post"}],"author":[{"embeddable":true,"href":"https:\/\/chronik.noblogs.org\/index.php?rest_route=\/wp\/v2\/users\/12080"}],"replies":[{"embeddable":true,"href":"https:\/\/chronik.noblogs.org\/index.php?rest_route=%2Fwp%2Fv2%2Fcomments&post=4148"}],"version-history":[{"count":0,"href":"https:\/\/chronik.noblogs.org\/index.php?rest_route=\/wp\/v2\/posts\/4148\/revisions"}],"wp:attachment":[{"href":"https:\/\/chronik.noblogs.org\/index.php?rest_route=%2Fwp%2Fv2%2Fmedia&parent=4148"}],"wp:term":[{"taxonomy":"category","embeddable":true,"href":"https:\/\/chronik.noblogs.org\/index.php?rest_route=%2Fwp%2Fv2%2Fcategories&post=4148"},{"taxonomy":"post_tag","embeddable":true,"href":"https:\/\/chronik.noblogs.org\/index.php?rest_route=%2Fwp%2Fv2%2Ftags&post=4148"}],"curies":[{"name":"wp","href":"https:\/\/api.w.org\/{rel}","templated":true}]}}