{"id":4076,"date":"2016-07-05T00:00:22","date_gmt":"2016-07-04T22:00:22","guid":{"rendered":"http:\/\/chronik.blackblogs.org\/?p=4076"},"modified":"2016-07-05T00:00:22","modified_gmt":"2016-07-04T22:00:22","slug":"farbe-gegen-hausverwaltung-belima-banken-und-neubauten","status":"publish","type":"post","link":"https:\/\/chronik.noblogs.org\/?p=4076","title":{"rendered":"Farbe gegen Hausverwaltung &#8216;Belima&#8217;, Banken und Neubauten"},"content":{"rendered":"<p><strong>Berlin<\/strong>, 5. Juli 2016<\/p>\n<blockquote><p>Zu Zeiten in denen das \u201cVertrauen in die Sicherheit in Flammen aufgeht\u201d, wie die BZ als altbekanntes linksradikales Sprachorgan titelte, schien es einer Gruppe der richtige Moment, am helllichten Tag die Stra\u00dfen Kreuzbergs mit einer Fahrraddemo zu blockieren um diesen Zustand ungehemmter Angriffe auf das Bestehende zu kommunizieren und einen Ort f\u00fcr kollektive Aktionen zu schaffen.<br \/>\n<!--more--><br \/>\nAus der Erfahrung, dass unangemeldete &#8211; und erst Recht n\u00e4chtliche Spontis &#8211; nicht gerade die St\u00e4rke der Berliner Szene zum Ausdruck bringen und nicht mehr als verl\u00e4ssliche, mobilisierungsf\u00e4hige Aktionsform angesehen werden, haben sich Menschen an die letzte gr\u00f6\u00dfere Fahrraddemo am Spreewaldplatz erinnert, die in dieser Form die Bullen komplett \u00fcberfordert hatte.<br \/>\nZiel dieser Fahrraddemo in Solidarit\u00e4t mit der Rigaer 94 war es zum einen, diese Form der Demo auszuprobieren, mit der Hoffnung, dass die Bullen daf\u00fcr erstmal kein Konzept h\u00e4tten und wir zudem auf Fahrr\u00e4dern schwerer zu stoppen w\u00e4ren. Zum anderen hatten wir breit und \u00f6ffentlicher mobilisiert in der Hoffnung, dass Menschen, die nachts nicht in Kleingruppen unterwegs sein k\u00f6nnen oder wollen, im Hellen und ohne gro\u00dfe Repressionsgefahr dazu sto\u00dfen w\u00fcrden.<\/p>\n<p>Alle kamen in bunt, es wurden farbenfrohe T\u00fccher verteilt und so konnten wir uns unverd\u00e4chtig sammeln, ohne bereits von herumschleichenden Bullen entdeckt zu werden. Es gab Musik, K\u00f6rbe mit Farbeiern und Weihnachtsbaumkugeln, Flyer und es schien als w\u00e4re die Route nicht spontan gew\u00e4hlt. So starteten 80 Menschen laut rufend in den Bergmannkiez, beklecksten die alte Hausverwaltung der R94 (&#8216;Belima&#8217;), Banken und Neubauten bis zur Dresdner Stra\u00dfe mit Farbe. Der erste Bullensixer fuhr uns stumpf hinterher, aus der Zivikarre scannten die \u00fcblichen Pommesgesichter unsere vermummten Erscheinungen, doch erstaunlicherweise war es den Bullen bis vor den O-Platz nicht m\u00f6glich ihre Kr\u00e4fte sinnvoll zu sammeln. F\u00fcr uns war es gut bis dahin zusammen zu bleiben auch wenn die Sirenen lauter wurden, da die Parks und belebten Stra\u00dfen M\u00f6glichkeiten zum Umziehen und Untertauchen boten.<\/p>\n<p>Dass nur so wenige Menschen mobilisiert wurden, hat leider dazu gef\u00fchrt, dass die Angriffe auf Objekte an der Route nur im Stress durchgef\u00fchrt werden konnten und im Falle eines Farbangriffs auf relevantere Ziele, keine Deckungsmasse f\u00fcr die einzelnen Werfer*innen vorhanden gewesen w\u00e4re. Wir haben auch gelernt, dass breite Stra\u00dfen vor allem den Stress mit Autos erh\u00f6hen und die Zielsicherheit f\u00fcr Farbbomben erschweren.<br \/>\nDie Freude \u00fcber unsere Rufe gegen (steigende) Mieten, Bullen und Henkel konnten wir an den Gesichtern von etlichen Autofahrenden und Schaulustigen erkennen, die uns auch zuriefen und lachten, was uns \u00fcberraschte und sp\u00e4ter mehrmals als positives Feedback an uns herangetragen wurde.<\/p>\n<p>Wir glauben, die Aktionsform macht Sinn: Es war von Anfang an dynamisch und motivierend auf dem Rad unterwegs zu sein. Klar, beim Thema &#8216;R94&#8217; hatten die Bullen richtig Bock uns am Ende in die Finger zu kriegen, doch trotz ihrer Spielwiese 36 haben sie es mal wieder nicht geschafft.<\/p>\n<p>Wir werden weiter auf den unterschiedlichsten Ebenen gegen diesen Drecksstaat und seine stadtpolitischen K\u00f6pfe im Kampf um die Rigaer alle Mittel ins Feld f\u00fchren, die den Druck erh\u00f6hen, Henkel schlaflose N\u00e4chte und unangenehme Interviews einbringen und die dazu f\u00fchren, dass bundesweit in Schweinest\u00e4llen um Unterst\u00fctzungskr\u00e4fte gebettelt werden muss: F\u00fcr einen schwarzen Juli!<\/p>\n<p>Die Demo am Samstag ist eine weitere M\u00f6glichkeit der Zuspitzung, darf aber nicht zu einem Moment der vermassten Konsumhaltung werden. Wir freuen uns wenn sie so gro\u00df wie erhofft und so angriffsbereit wie n\u00f6tig sein wird, denken aber, dass die Rigaer Stra\u00dfe und ihre Bewohner*innen unsere t\u00e4glichen Gedanken, unseren t\u00e4glichen Mut und unsere unkalkulierbaren Eins\u00e4tze im Stadtgebiet und weit dar\u00fcber hinaus ben\u00f6tigen.<\/p>\n<p>Unser Haus \u2013 Unsere Stra\u00dfen \u2013 Unsere Stadt!<br \/>\nSamstag | 09.07.2016 | 20:30 | Wismarplatz<\/p>\n<p>Gr\u00fc\u00dfe an die wundervollen Menschen im Vorder- und Hinterhaus der 94!<br \/>\nWir sehen uns auf der Stra\u00dfe!<\/p>\n<p>Chaot*innen on Tour \u2013 Sektion Fahrrad<\/p><\/blockquote>\n<p><strong>Quelle<\/strong>: <a href=\"https:\/\/linksunten.indymedia.org\/node\/184350\">Linksunten<\/a><\/p>\n","protected":false},"excerpt":{"rendered":"<p>Berlin, 5. Juli 2016 Zu Zeiten in denen das \u201cVertrauen in die Sicherheit in Flammen aufgeht\u201d, wie die BZ als altbekanntes linksradikales Sprachorgan titelte, schien es einer Gruppe der richtige Moment, am helllichten Tag die Stra\u00dfen Kreuzbergs mit einer Fahrraddemo zu blockieren um diesen Zustand ungehemmter Angriffe auf das Bestehende zu kommunizieren und einen Ort [&hellip;]<\/p>\n","protected":false},"author":12080,"featured_media":0,"comment_status":"closed","ping_status":"closed","sticky":false,"template":"","format":"standard","meta":{"footnotes":""},"categories":[2],"tags":[24],"class_list":["post-4076","post","type-post","status-publish","format-standard","hentry","category-de","tag-berlin"],"_links":{"self":[{"href":"https:\/\/chronik.noblogs.org\/index.php?rest_route=\/wp\/v2\/posts\/4076","targetHints":{"allow":["GET"]}}],"collection":[{"href":"https:\/\/chronik.noblogs.org\/index.php?rest_route=\/wp\/v2\/posts"}],"about":[{"href":"https:\/\/chronik.noblogs.org\/index.php?rest_route=\/wp\/v2\/types\/post"}],"author":[{"embeddable":true,"href":"https:\/\/chronik.noblogs.org\/index.php?rest_route=\/wp\/v2\/users\/12080"}],"replies":[{"embeddable":true,"href":"https:\/\/chronik.noblogs.org\/index.php?rest_route=%2Fwp%2Fv2%2Fcomments&post=4076"}],"version-history":[{"count":0,"href":"https:\/\/chronik.noblogs.org\/index.php?rest_route=\/wp\/v2\/posts\/4076\/revisions"}],"wp:attachment":[{"href":"https:\/\/chronik.noblogs.org\/index.php?rest_route=%2Fwp%2Fv2%2Fmedia&parent=4076"}],"wp:term":[{"taxonomy":"category","embeddable":true,"href":"https:\/\/chronik.noblogs.org\/index.php?rest_route=%2Fwp%2Fv2%2Fcategories&post=4076"},{"taxonomy":"post_tag","embeddable":true,"href":"https:\/\/chronik.noblogs.org\/index.php?rest_route=%2Fwp%2Fv2%2Ftags&post=4076"}],"curies":[{"name":"wp","href":"https:\/\/api.w.org\/{rel}","templated":true}]}}